{"id":14533,"date":"2016-08-01T14:34:36","date_gmt":"2016-08-01T14:34:36","guid":{"rendered":""},"modified":"2016-08-01T14:34:36","modified_gmt":"2016-08-01T14:34:36","slug":"calle-p-vence-a-caballos-de-cocle-en-liga-panamena-de-baloncesto","status":"publish","type":"post","link":"https:\/\/sertv.gob.pa\/nacionalfm\/calle-p-vence-a-caballos-de-cocle-en-liga-panamena-de-baloncesto\/","title":{"rendered":"Calle P vence a Caballos de Cocl\u00e9 en Liga Paname\u00f1a de Baloncesto"},"content":{"rendered":"<p>\nCon victoria sobre los Caballos de Cocl\u00e9 68-53 debutan Los Halcones de CalleP en la temporada 2016 de la Liga Paname\u00f1a de Baloncesto, en el cierre de la primera semana de partidos en la Arena Roberto Dur\u00e1n. <\/p>\n<p>Con una plantilla totalmente renovada en la relaci\u00f3n a la del 2015, cuando quedaron de \u00faltimos, los Halcones lucieron superior de principio a fin ante unos Caballos, que lanzaron para un pobre 22% de tiros de campo, tras encestar 13 de 57 tiros a la canasta. <\/p>\n<p>El estelar seleccionado nacional Ernesto Oglivie se encarg\u00f3 del ataque de Calle P con 22 unidades y siete rebotes, mientras que Amir Alvarado contribuy\u00f3 con 10 puntos y el veterano Antonio &ldquo;To\u00f1ito&rdquo; Garc\u00eda col\u00f3 siete tantos y captur\u00f3 ocho balones debajo de los tableros. <\/p>\n<p>Por los Caballos el mejor a la ofensiva fue Anell Alexis con 13 puntos y Carlos Johnson ayud\u00f3\u00a0 en la causa con siete tantos. <\/p>\n<p>\u00a0 <\/p>\n","protected":false},"excerpt":{"rendered":"<p>Con victoria sobre los Caballos de Cocl\u00e9 68-53 debutan Los <a href=\"https:\/\/sertv.gob.pa\/nacionalfm\/calle-p-vence-a-caballos-de-cocle-en-liga-panamena-de-baloncesto\/\"> [&#8230;]<\/a><\/p>\n","protected":false},"author":1,"featured_media":14534,"comment_status":"closed","ping_status":"closed","sticky":false,"template":"","format":"standard","meta":{"footnotes":""},"categories":[4],"tags":[],"class_list":["post-14533","post","type-post","status-publish","format-standard","has-post-thumbnail","hentry","category-deportes"],"_links":{"self":[{"href":"https:\/\/sertv.gob.pa\/nacionalfm\/wp-json\/wp\/v2\/posts\/14533","targetHints":{"allow":["GET"]}}],"collection":[{"href":"https:\/\/sertv.gob.pa\/nacionalfm\/wp-json\/wp\/v2\/posts"}],"about":[{"href":"https:\/\/sertv.gob.pa\/nacionalfm\/wp-json\/wp\/v2\/types\/post"}],"author":[{"embeddable":true,"href":"https:\/\/sertv.gob.pa\/nacionalfm\/wp-json\/wp\/v2\/users\/1"}],"replies":[{"embeddable":true,"href":"https:\/\/sertv.gob.pa\/nacionalfm\/wp-json\/wp\/v2\/comments?post=14533"}],"version-history":[{"count":0,"href":"https:\/\/sertv.gob.pa\/nacionalfm\/wp-json\/wp\/v2\/posts\/14533\/revisions"}],"wp:featuredmedia":[{"embeddable":true,"href":"https:\/\/sertv.gob.pa\/nacionalfm\/wp-json\/wp\/v2\/media\/14534"}],"wp:attachment":[{"href":"https:\/\/sertv.gob.pa\/nacionalfm\/wp-json\/wp\/v2\/media?parent=14533"}],"wp:term":[{"taxonomy":"category","embeddable":true,"href":"https:\/\/sertv.gob.pa\/nacionalfm\/wp-json\/wp\/v2\/categories?post=14533"},{"taxonomy":"post_tag","embeddable":true,"href":"https:\/\/sertv.gob.pa\/nacionalfm\/wp-json\/wp\/v2\/tags?post=14533"}],"curies":[{"name":"wp","href":"https:\/\/api.w.org\/{rel}","templated":true}]}}