{"id":14535,"date":"2016-08-01T14:50:07","date_gmt":"2016-08-01T14:50:07","guid":{"rendered":""},"modified":"2016-08-01T14:50:07","modified_gmt":"2016-08-01T14:50:07","slug":"kung-fu-herrera-y-el-raton-de-oro-tello-por-titulo-nacional","status":"publish","type":"post","link":"https:\/\/sertv.gob.pa\/nacionalfm\/kung-fu-herrera-y-el-raton-de-oro-tello-por-titulo-nacional\/","title":{"rendered":"\u201cKung-Fu\u201d Herrera y \u201cEl Rat\u00f3n de Oro\u201d Tello por t\u00edtulo nacional"},"content":{"rendered":"<p>\nEl p\u00fagil colonense Amrit &ldquo;Kung-Fu&rdquo; Herrera y el chiricano Walter &ldquo;El Rat\u00f3n de Oro&rdquo; Tello disputar\u00e1n el t\u00edtulo nacional de los minimoscas en el Hotel Sheraton del Bijao el pr\u00f3ximo 20 de agosto. <\/p>\n<p>En la pelea coestelar se miden el coclesano Julio &ldquo;El Kikirikikiri&rdquo; Escudero ante el clasificado mundial el darienita Edgar Valencia. <\/p>\n<p>La informaci\u00f3n la proporcion\u00f3 Diego Victoria, presidente de Diego G&#038;V Interteinment, y manifest\u00f3 que ma\u00f1ana a las 10: 00 celebrar\u00e1 una conferencia de prensa en el Fantastic Casino de Albrook, para brindar mayores detalles de la cartelera. <\/p>\n","protected":false},"excerpt":{"rendered":"<p>El p\u00fagil colonense Amrit &ldquo;Kung-Fu&rdquo; Herrera y el chiricano Walter <a href=\"https:\/\/sertv.gob.pa\/nacionalfm\/kung-fu-herrera-y-el-raton-de-oro-tello-por-titulo-nacional\/\"> [&#8230;]<\/a><\/p>\n","protected":false},"author":1,"featured_media":14536,"comment_status":"closed","ping_status":"closed","sticky":false,"template":"","format":"standard","meta":{"footnotes":""},"categories":[4],"tags":[],"class_list":["post-14535","post","type-post","status-publish","format-standard","has-post-thumbnail","hentry","category-deportes"],"_links":{"self":[{"href":"https:\/\/sertv.gob.pa\/nacionalfm\/wp-json\/wp\/v2\/posts\/14535","targetHints":{"allow":["GET"]}}],"collection":[{"href":"https:\/\/sertv.gob.pa\/nacionalfm\/wp-json\/wp\/v2\/posts"}],"about":[{"href":"https:\/\/sertv.gob.pa\/nacionalfm\/wp-json\/wp\/v2\/types\/post"}],"author":[{"embeddable":true,"href":"https:\/\/sertv.gob.pa\/nacionalfm\/wp-json\/wp\/v2\/users\/1"}],"replies":[{"embeddable":true,"href":"https:\/\/sertv.gob.pa\/nacionalfm\/wp-json\/wp\/v2\/comments?post=14535"}],"version-history":[{"count":0,"href":"https:\/\/sertv.gob.pa\/nacionalfm\/wp-json\/wp\/v2\/posts\/14535\/revisions"}],"wp:featuredmedia":[{"embeddable":true,"href":"https:\/\/sertv.gob.pa\/nacionalfm\/wp-json\/wp\/v2\/media\/14536"}],"wp:attachment":[{"href":"https:\/\/sertv.gob.pa\/nacionalfm\/wp-json\/wp\/v2\/media?parent=14535"}],"wp:term":[{"taxonomy":"category","embeddable":true,"href":"https:\/\/sertv.gob.pa\/nacionalfm\/wp-json\/wp\/v2\/categories?post=14535"},{"taxonomy":"post_tag","embeddable":true,"href":"https:\/\/sertv.gob.pa\/nacionalfm\/wp-json\/wp\/v2\/tags?post=14535"}],"curies":[{"name":"wp","href":"https:\/\/api.w.org\/{rel}","templated":true}]}}