{"id":14539,"date":"2016-08-01T15:05:44","date_gmt":"2016-08-01T15:05:44","guid":{"rendered":""},"modified":"2016-08-01T15:05:44","modified_gmt":"2016-08-01T15:05:44","slug":"nadadores-crespo-y-far-rumbo-hoy-a-cita-olimpica","status":"publish","type":"post","link":"https:\/\/sertv.gob.pa\/nacionalfm\/nadadores-crespo-y-far-rumbo-hoy-a-cita-olimpica\/","title":{"rendered":"Nadadores Crespo y Far rumbo hoy a cita Ol\u00edmpica"},"content":{"rendered":"<p>\nHoy realizan viaje rumbo a cita Ol\u00edmpica los nadadores paname\u00f1os Edgar Crespo y Mar\u00eda Far, en compa\u00f1\u00eda de su entrenador Albino D\u00edaz. <\/p>\n<p>Los nadores deben estar en el Aeropuerto Internacional de Tocumen a partir de las 12: 30 del d\u00eda para despegar v\u00eda Brasil en Copa Airlines a las 3:23. pm. <\/p>\n","protected":false},"excerpt":{"rendered":"<p>Hoy realizan viaje rumbo a cita Ol\u00edmpica los nadadores paname\u00f1os <a href=\"https:\/\/sertv.gob.pa\/nacionalfm\/nadadores-crespo-y-far-rumbo-hoy-a-cita-olimpica\/\"> [&#8230;]<\/a><\/p>\n","protected":false},"author":1,"featured_media":14540,"comment_status":"closed","ping_status":"closed","sticky":false,"template":"","format":"standard","meta":{"footnotes":""},"categories":[4],"tags":[],"class_list":["post-14539","post","type-post","status-publish","format-standard","has-post-thumbnail","hentry","category-deportes"],"_links":{"self":[{"href":"https:\/\/sertv.gob.pa\/nacionalfm\/wp-json\/wp\/v2\/posts\/14539","targetHints":{"allow":["GET"]}}],"collection":[{"href":"https:\/\/sertv.gob.pa\/nacionalfm\/wp-json\/wp\/v2\/posts"}],"about":[{"href":"https:\/\/sertv.gob.pa\/nacionalfm\/wp-json\/wp\/v2\/types\/post"}],"author":[{"embeddable":true,"href":"https:\/\/sertv.gob.pa\/nacionalfm\/wp-json\/wp\/v2\/users\/1"}],"replies":[{"embeddable":true,"href":"https:\/\/sertv.gob.pa\/nacionalfm\/wp-json\/wp\/v2\/comments?post=14539"}],"version-history":[{"count":0,"href":"https:\/\/sertv.gob.pa\/nacionalfm\/wp-json\/wp\/v2\/posts\/14539\/revisions"}],"wp:featuredmedia":[{"embeddable":true,"href":"https:\/\/sertv.gob.pa\/nacionalfm\/wp-json\/wp\/v2\/media\/14540"}],"wp:attachment":[{"href":"https:\/\/sertv.gob.pa\/nacionalfm\/wp-json\/wp\/v2\/media?parent=14539"}],"wp:term":[{"taxonomy":"category","embeddable":true,"href":"https:\/\/sertv.gob.pa\/nacionalfm\/wp-json\/wp\/v2\/categories?post=14539"},{"taxonomy":"post_tag","embeddable":true,"href":"https:\/\/sertv.gob.pa\/nacionalfm\/wp-json\/wp\/v2\/tags?post=14539"}],"curies":[{"name":"wp","href":"https:\/\/api.w.org\/{rel}","templated":true}]}}