{"id":14543,"date":"2016-08-01T16:11:39","date_gmt":"2016-08-01T16:11:39","guid":{"rendered":""},"modified":"2016-08-01T16:11:39","modified_gmt":"2016-08-01T16:11:39","slug":"reciben-como-heroes-a-campeones-latinoamericanos-infantiles","status":"publish","type":"post","link":"https:\/\/sertv.gob.pa\/nacionalfm\/reciben-como-heroes-a-campeones-latinoamericanos-infantiles\/","title":{"rendered":"Reciben como h\u00e9roes a campeones Latinoamericanos Infantiles"},"content":{"rendered":"<p>\nLos campeones Latinoamericanos de B\u00e9isbol Infantil de Panam\u00e1, lleg\u00f3 a suelo patrio a un d\u00eda de haber conquistado el t\u00edtulo en la tarde de ayer domingo y fueron recibidos como h\u00e9roes. <\/p>\n<p>En el terminal a\u00e9reo de Tocumen\u00a0 recibieron a los peloteritos dirigentes, familiares y altos directivos del Instituto Paname\u00f1o de Deportes. <\/p>\n<p>El equipo de Panam\u00e1 logr\u00f3 el campeonato al vencer 6-1 a Nicaragua en el partido final, del torneo celebrado en Guatemala. <\/p>\n<p>Con esta victoria el equipo paname\u00f1o representar\u00e1 a Latinoam\u00e9rica en el Mundial de Peque\u00f1as Ligas que se disputa cada a\u00f1o en Williamsport, Pensylvania. <\/p>\n<p>\u00a0 <\/p>\n","protected":false},"excerpt":{"rendered":"<p>Los campeones Latinoamericanos de B\u00e9isbol Infantil de Panam\u00e1, lleg\u00f3 a <a href=\"https:\/\/sertv.gob.pa\/nacionalfm\/reciben-como-heroes-a-campeones-latinoamericanos-infantiles\/\"> [&#8230;]<\/a><\/p>\n","protected":false},"author":1,"featured_media":14544,"comment_status":"closed","ping_status":"closed","sticky":false,"template":"","format":"standard","meta":{"footnotes":""},"categories":[4],"tags":[],"class_list":["post-14543","post","type-post","status-publish","format-standard","has-post-thumbnail","hentry","category-deportes"],"_links":{"self":[{"href":"https:\/\/sertv.gob.pa\/nacionalfm\/wp-json\/wp\/v2\/posts\/14543","targetHints":{"allow":["GET"]}}],"collection":[{"href":"https:\/\/sertv.gob.pa\/nacionalfm\/wp-json\/wp\/v2\/posts"}],"about":[{"href":"https:\/\/sertv.gob.pa\/nacionalfm\/wp-json\/wp\/v2\/types\/post"}],"author":[{"embeddable":true,"href":"https:\/\/sertv.gob.pa\/nacionalfm\/wp-json\/wp\/v2\/users\/1"}],"replies":[{"embeddable":true,"href":"https:\/\/sertv.gob.pa\/nacionalfm\/wp-json\/wp\/v2\/comments?post=14543"}],"version-history":[{"count":0,"href":"https:\/\/sertv.gob.pa\/nacionalfm\/wp-json\/wp\/v2\/posts\/14543\/revisions"}],"wp:featuredmedia":[{"embeddable":true,"href":"https:\/\/sertv.gob.pa\/nacionalfm\/wp-json\/wp\/v2\/media\/14544"}],"wp:attachment":[{"href":"https:\/\/sertv.gob.pa\/nacionalfm\/wp-json\/wp\/v2\/media?parent=14543"}],"wp:term":[{"taxonomy":"category","embeddable":true,"href":"https:\/\/sertv.gob.pa\/nacionalfm\/wp-json\/wp\/v2\/categories?post=14543"},{"taxonomy":"post_tag","embeddable":true,"href":"https:\/\/sertv.gob.pa\/nacionalfm\/wp-json\/wp\/v2\/tags?post=14543"}],"curies":[{"name":"wp","href":"https:\/\/api.w.org\/{rel}","templated":true}]}}