{"id":14547,"date":"2016-08-01T16:33:10","date_gmt":"2016-08-01T16:33:10","guid":{"rendered":""},"modified":"2016-08-01T16:33:10","modified_gmt":"2016-08-01T16:33:10","slug":"jose-angel-lara-gana-por-2da-vez-carrera-de-silla-de-ruedas","status":"publish","type":"post","link":"https:\/\/sertv.gob.pa\/nacionalfm\/jose-angel-lara-gana-por-2da-vez-carrera-de-silla-de-ruedas\/","title":{"rendered":"Jos\u00e9 \u00c1ngel Lara gana por 2da. vez Carrera de Silla de Ruedas"},"content":{"rendered":"<p>\nPor segunda ocasi\u00f3n consecutiva el coclesano Jos\u00e9 \u00c1ngel Lara gana la Carrera Sobre Silla de Ruedas en la categor\u00eda lumbar masculino, en evento celebrado en Penonom\u00e9, provincia de Cocl\u00e9. <\/p>\n<p>Lara domin\u00f3 en su casa llegar primero en su categor\u00eda recorriendo los 5 kil\u00f3metros con tiempo de 17 minutos 55 segundos. Gertrudis Ortega de Panam\u00e1 Oeste ocup\u00f3 la segunda posici\u00f3n al cronometrar 21 minutos y 21 segundos y tercero Ra\u00fal Andrade. Adem\u00e1s del 2015 y 2016 Lara conquist\u00f3 por primera vez el evento en el 2012. <\/p>\n<p>La tradicional carrera de sillas de ruedas en su d\u00e9cima tercera versi\u00f3n se celebr\u00f3 este domingo con la participaci\u00f3n de m\u00e1s de 107 atletas de todas las provincias del pa\u00eds, que compitieron en 8 categor\u00edas. <\/p>\n<p>En la categor\u00eda Lumbar femenino Iveth Vald\u00e9s de Panam\u00e1 Centro logr\u00f3 la primera posici\u00f3n con tiempo de 35 minutos y 18 segundos; segundo lugar para la chiricana Chiara Lizondro y tercero para la coclesana Angela Rodr\u00edguez. <\/p>\n<p>Epifanio Mendieta de Panam\u00e1 Centro logr\u00f3 la primera posici\u00f3n en la tor\u00e1xica masculina y en la femenina Miriam Cubilla de Panam\u00e1 Centro. <\/p>\n<p>En la categor\u00eda biciciclos en un recorrido de 10 kil\u00f3metros, F\u00e9lix R\u00edos de Chiriqu\u00ed ocup\u00f3 la primera posici\u00f3n con tiempo de 24 minutos 59 segundos y en la femenina Mar\u00eda R\u00edos tambi\u00e9n de la provincia de Chiriqu\u00ed quien lleg\u00f3 a la meta 45 minutos 56 segundos. <\/p>\n<p>El evento cont\u00f3 con la presencia de Roberto &ldquo;Bob&rdquo; Arango director del Instituto Paname\u00f1o de Deportes y su subdirector Mario P\u00e9rez. <\/p>\n<p>En la categor\u00eda amputados polio masculino Luis Espinosa de Panam\u00e1 obtuvo la primera posici\u00f3n con tiempo 20 minutos y 34 segundos. En la rama femenina Mar\u00eda Quintero lleg\u00f3 primera al cronometrar 53 minutos 37 segundos. <\/p>\n<p>En la categor\u00eda juvenil, el chiricano Jeremy Jurado ocup\u00f3 la primera posici\u00f3n y en rama femenina la veraguense Evelyn Pineda. La categor\u00eda infantil que recorri\u00f3 500 metros, el chiricano Amir &ldquo;El Turbo&rdquo; Salda\u00f1a finaliz\u00f3 en primer lugar con tiempo de 4 minutos y 8 segundos, el segundo lugar fue para Roderick Mart\u00ednez de Cocl\u00e9 y en la femenina la darienita Betzaida Caisamo ocup\u00f3 la primera posici\u00f3n y Didiana Pinilla de Veraguas lleg\u00f3 segunda. <\/p>\n<p>\u00a0 <\/p>\n","protected":false},"excerpt":{"rendered":"<p>Por segunda ocasi\u00f3n consecutiva el coclesano Jos\u00e9 \u00c1ngel Lara gana <a href=\"https:\/\/sertv.gob.pa\/nacionalfm\/jose-angel-lara-gana-por-2da-vez-carrera-de-silla-de-ruedas\/\"> [&#8230;]<\/a><\/p>\n","protected":false},"author":1,"featured_media":14548,"comment_status":"closed","ping_status":"closed","sticky":false,"template":"","format":"standard","meta":{"footnotes":""},"categories":[4],"tags":[],"class_list":["post-14547","post","type-post","status-publish","format-standard","has-post-thumbnail","hentry","category-deportes"],"_links":{"self":[{"href":"https:\/\/sertv.gob.pa\/nacionalfm\/wp-json\/wp\/v2\/posts\/14547","targetHints":{"allow":["GET"]}}],"collection":[{"href":"https:\/\/sertv.gob.pa\/nacionalfm\/wp-json\/wp\/v2\/posts"}],"about":[{"href":"https:\/\/sertv.gob.pa\/nacionalfm\/wp-json\/wp\/v2\/types\/post"}],"author":[{"embeddable":true,"href":"https:\/\/sertv.gob.pa\/nacionalfm\/wp-json\/wp\/v2\/users\/1"}],"replies":[{"embeddable":true,"href":"https:\/\/sertv.gob.pa\/nacionalfm\/wp-json\/wp\/v2\/comments?post=14547"}],"version-history":[{"count":0,"href":"https:\/\/sertv.gob.pa\/nacionalfm\/wp-json\/wp\/v2\/posts\/14547\/revisions"}],"wp:featuredmedia":[{"embeddable":true,"href":"https:\/\/sertv.gob.pa\/nacionalfm\/wp-json\/wp\/v2\/media\/14548"}],"wp:attachment":[{"href":"https:\/\/sertv.gob.pa\/nacionalfm\/wp-json\/wp\/v2\/media?parent=14547"}],"wp:term":[{"taxonomy":"category","embeddable":true,"href":"https:\/\/sertv.gob.pa\/nacionalfm\/wp-json\/wp\/v2\/categories?post=14547"},{"taxonomy":"post_tag","embeddable":true,"href":"https:\/\/sertv.gob.pa\/nacionalfm\/wp-json\/wp\/v2\/tags?post=14547"}],"curies":[{"name":"wp","href":"https:\/\/api.w.org\/{rel}","templated":true}]}}