{"id":14549,"date":"2016-08-01T16:50:05","date_gmt":"2016-08-01T16:50:05","guid":{"rendered":""},"modified":"2016-08-01T16:50:05","modified_gmt":"2016-08-01T16:50:05","slug":"panameno-gana-campeonato-de-tenis-de-mesa-en-costa-rica","status":"publish","type":"post","link":"https:\/\/sertv.gob.pa\/nacionalfm\/panameno-gana-campeonato-de-tenis-de-mesa-en-costa-rica\/","title":{"rendered":"Paname\u00f1o gana campeonato de Tenis de Mesa en Costa Rica"},"content":{"rendered":"<p>\nEn torneo Centroamericano y M\u00e9xico de Tenis de Mesa, celebrado en Costa Rica el paname\u00f1o Jacobo Vahnish se convirti\u00f3 en el nuevo campe\u00f3n en la categor\u00eda Sub-13. <\/p>\n<p>Vahnish conquist\u00f3 el t\u00edtulo al superar a Sergio Carrillo de Guatemala por 11-7, 11-3 y 11-7 en la final. En semifinales, el paname\u00f1o venci\u00f3 al guatemalteco Diego de la Cruz por 11-9, 11-4 y 12-10, mientras que Carillo venci\u00f3 a Alfredo S\u00e1nchez por 11-9, 11-6 y 11-5. <\/p>\n<p>\u00a0 <\/p>\n","protected":false},"excerpt":{"rendered":"<p>En torneo Centroamericano y M\u00e9xico de Tenis de Mesa, celebrado <a href=\"https:\/\/sertv.gob.pa\/nacionalfm\/panameno-gana-campeonato-de-tenis-de-mesa-en-costa-rica\/\"> [&#8230;]<\/a><\/p>\n","protected":false},"author":1,"featured_media":14550,"comment_status":"closed","ping_status":"closed","sticky":false,"template":"","format":"standard","meta":{"footnotes":""},"categories":[4],"tags":[],"class_list":["post-14549","post","type-post","status-publish","format-standard","has-post-thumbnail","hentry","category-deportes"],"_links":{"self":[{"href":"https:\/\/sertv.gob.pa\/nacionalfm\/wp-json\/wp\/v2\/posts\/14549","targetHints":{"allow":["GET"]}}],"collection":[{"href":"https:\/\/sertv.gob.pa\/nacionalfm\/wp-json\/wp\/v2\/posts"}],"about":[{"href":"https:\/\/sertv.gob.pa\/nacionalfm\/wp-json\/wp\/v2\/types\/post"}],"author":[{"embeddable":true,"href":"https:\/\/sertv.gob.pa\/nacionalfm\/wp-json\/wp\/v2\/users\/1"}],"replies":[{"embeddable":true,"href":"https:\/\/sertv.gob.pa\/nacionalfm\/wp-json\/wp\/v2\/comments?post=14549"}],"version-history":[{"count":0,"href":"https:\/\/sertv.gob.pa\/nacionalfm\/wp-json\/wp\/v2\/posts\/14549\/revisions"}],"wp:featuredmedia":[{"embeddable":true,"href":"https:\/\/sertv.gob.pa\/nacionalfm\/wp-json\/wp\/v2\/media\/14550"}],"wp:attachment":[{"href":"https:\/\/sertv.gob.pa\/nacionalfm\/wp-json\/wp\/v2\/media?parent=14549"}],"wp:term":[{"taxonomy":"category","embeddable":true,"href":"https:\/\/sertv.gob.pa\/nacionalfm\/wp-json\/wp\/v2\/categories?post=14549"},{"taxonomy":"post_tag","embeddable":true,"href":"https:\/\/sertv.gob.pa\/nacionalfm\/wp-json\/wp\/v2\/tags?post=14549"}],"curies":[{"name":"wp","href":"https:\/\/api.w.org\/{rel}","templated":true}]}}