{"id":1456,"date":"2014-09-08T05:00:00","date_gmt":"2014-09-08T05:00:00","guid":{"rendered":""},"modified":"2014-09-08T05:00:00","modified_gmt":"2014-09-08T05:00:00","slug":"autoridades-buscan-dar-respuesta-a-pacientes-con-insuficiencia-renal-en-cocle","status":"publish","type":"post","link":"https:\/\/sertv.gob.pa\/nacionalfm\/autoridades-buscan-dar-respuesta-a-pacientes-con-insuficiencia-renal-en-cocle\/","title":{"rendered":"Autoridades analizan creaci\u00f3n de sala de hemodi\u00e1lisis en Cocl\u00e9"},"content":{"rendered":"<p>\nDebido al incremento de pacientes que padecen de insuficiencia renal en la regi\u00f3n de Cocl\u00e9, los 43 representantes de corregimiento, alcaldes y pacientes renales solicitaron en la \u00faltima reuni\u00f3n del Consejo Provincial de Coordinaci\u00f3n, la creaci\u00f3n de una sala de hemodi\u00e1lisis en el Hospital Aquilino Tejeira (HAT). <\/p>\n<p>En esta cita, en la que particip\u00f3 el viceministro de Salud, Miguel Mayo, se comunic\u00f3 que dicho ministerio est\u00e1 dispuesto a remediar esta urgencia, pero que su apertura llevar\u00eda al menos dos a\u00f1os. <\/p>\n<p>De acuerdo a Mayo, el proyecto es viable, pero habr\u00eda que construir una nueva sede, cuyo costo ser\u00eda incluido en el presupuesto de 2015. <\/p>\n<p>El pedido de estos sectores de la provincia de Cocl\u00e9 obedece a que existen mil 200 casos de personas que padecen o est\u00e1n en v\u00edas de sufrir esta enfermedad. <\/p>\n<p>De ellos, 800 se atienden en la cl\u00ednica de prevenci\u00f3n renal una vez por mes en el HAT de Penonom\u00e9, pero 150 demandan de un tratamiento de hemodi\u00e1lisis que no obtienen, a causa de que no hay cupos en los hospitales de esta zona. \u00a0 @nacionalFm <\/p>\n","protected":false},"excerpt":{"rendered":"<p>Debido al incremento de pacientes que padecen de insuficiencia renal <a href=\"https:\/\/sertv.gob.pa\/nacionalfm\/autoridades-buscan-dar-respuesta-a-pacientes-con-insuficiencia-renal-en-cocle\/\"> [&#8230;]<\/a><\/p>\n","protected":false},"author":1,"featured_media":1457,"comment_status":"closed","ping_status":"closed","sticky":false,"template":"","format":"standard","meta":{"footnotes":""},"categories":[5],"tags":[],"class_list":["post-1456","post","type-post","status-publish","format-standard","has-post-thumbnail","hentry","category-salud"],"_links":{"self":[{"href":"https:\/\/sertv.gob.pa\/nacionalfm\/wp-json\/wp\/v2\/posts\/1456","targetHints":{"allow":["GET"]}}],"collection":[{"href":"https:\/\/sertv.gob.pa\/nacionalfm\/wp-json\/wp\/v2\/posts"}],"about":[{"href":"https:\/\/sertv.gob.pa\/nacionalfm\/wp-json\/wp\/v2\/types\/post"}],"author":[{"embeddable":true,"href":"https:\/\/sertv.gob.pa\/nacionalfm\/wp-json\/wp\/v2\/users\/1"}],"replies":[{"embeddable":true,"href":"https:\/\/sertv.gob.pa\/nacionalfm\/wp-json\/wp\/v2\/comments?post=1456"}],"version-history":[{"count":0,"href":"https:\/\/sertv.gob.pa\/nacionalfm\/wp-json\/wp\/v2\/posts\/1456\/revisions"}],"wp:featuredmedia":[{"embeddable":true,"href":"https:\/\/sertv.gob.pa\/nacionalfm\/wp-json\/wp\/v2\/media\/1457"}],"wp:attachment":[{"href":"https:\/\/sertv.gob.pa\/nacionalfm\/wp-json\/wp\/v2\/media?parent=1456"}],"wp:term":[{"taxonomy":"category","embeddable":true,"href":"https:\/\/sertv.gob.pa\/nacionalfm\/wp-json\/wp\/v2\/categories?post=1456"},{"taxonomy":"post_tag","embeddable":true,"href":"https:\/\/sertv.gob.pa\/nacionalfm\/wp-json\/wp\/v2\/tags?post=1456"}],"curies":[{"name":"wp","href":"https:\/\/api.w.org\/{rel}","templated":true}]}}