{"id":14561,"date":"2016-08-01T18:58:18","date_gmt":"2016-08-01T18:58:18","guid":{"rendered":""},"modified":"2016-08-01T18:58:18","modified_gmt":"2016-08-01T18:58:18","slug":"por-que-no-debes-eliminar-los-vellos-de-tu-nariz","status":"publish","type":"post","link":"https:\/\/sertv.gob.pa\/nacionalfm\/por-que-no-debes-eliminar-los-vellos-de-tu-nariz\/","title":{"rendered":"\u00bfPor qu\u00e9 no debes eliminar los vellos de tu nariz?"},"content":{"rendered":"<p>\nDejarlos demasiado cortos o eliminarlos por completo puede permitir que microorganismos ingresen f\u00e1cilmente al &lsquo;tri\u00e1ngulo del peligro&rsquo; y pongan en peligro la vida, inform\u00f3 el doctor Erich P. Voigt, director de la divisi\u00f3n general de otorrinolaringolog\u00eda en NYU a Business Insider. <\/p>\n<p>Esta se encuentra en la zona de la nariz y cuando se respira, los vellos se convierten en el primer filtro y mueven la mucosa para hacerla llegar al est\u00f3mago, donde el \u00e1cido quema los g\u00e9rmenes y bacterias, evitando que ingresen al cuerpo y se desarrollen enfermedades. <\/p>\n<p>Adem\u00e1s, cuando los filtros microsc\u00f3picos llamados &lsquo;vellos cilia&rsquo; se cortan demasiado peque\u00f1os o se arrancan, los g\u00e9rmenes que viven en la base del fol\u00edculo pueden ingresar a los poros y venas y ocasionar infecciones letales, ya que pueden viajar hasta el cerebro a trav\u00e9s de la sangre. <\/p>\n<p>La meningitis o abscesos cerebrales hacen parte de las posibles enfermedades. <\/p>\n<p>El doctor \u00a0recomienda cortarlos lo suficiente para que no sobresalgan de la nariz. <\/p>\n<p>\u00a0 <\/p>\n<p>\u00a0 <\/p>\n","protected":false},"excerpt":{"rendered":"<p>Dejarlos demasiado cortos o eliminarlos por completo puede permitir que <a href=\"https:\/\/sertv.gob.pa\/nacionalfm\/por-que-no-debes-eliminar-los-vellos-de-tu-nariz\/\"> [&#8230;]<\/a><\/p>\n","protected":false},"author":1,"featured_media":14562,"comment_status":"closed","ping_status":"closed","sticky":false,"template":"","format":"standard","meta":{"footnotes":""},"categories":[5],"tags":[],"class_list":["post-14561","post","type-post","status-publish","format-standard","has-post-thumbnail","hentry","category-salud"],"_links":{"self":[{"href":"https:\/\/sertv.gob.pa\/nacionalfm\/wp-json\/wp\/v2\/posts\/14561","targetHints":{"allow":["GET"]}}],"collection":[{"href":"https:\/\/sertv.gob.pa\/nacionalfm\/wp-json\/wp\/v2\/posts"}],"about":[{"href":"https:\/\/sertv.gob.pa\/nacionalfm\/wp-json\/wp\/v2\/types\/post"}],"author":[{"embeddable":true,"href":"https:\/\/sertv.gob.pa\/nacionalfm\/wp-json\/wp\/v2\/users\/1"}],"replies":[{"embeddable":true,"href":"https:\/\/sertv.gob.pa\/nacionalfm\/wp-json\/wp\/v2\/comments?post=14561"}],"version-history":[{"count":0,"href":"https:\/\/sertv.gob.pa\/nacionalfm\/wp-json\/wp\/v2\/posts\/14561\/revisions"}],"wp:featuredmedia":[{"embeddable":true,"href":"https:\/\/sertv.gob.pa\/nacionalfm\/wp-json\/wp\/v2\/media\/14562"}],"wp:attachment":[{"href":"https:\/\/sertv.gob.pa\/nacionalfm\/wp-json\/wp\/v2\/media?parent=14561"}],"wp:term":[{"taxonomy":"category","embeddable":true,"href":"https:\/\/sertv.gob.pa\/nacionalfm\/wp-json\/wp\/v2\/categories?post=14561"},{"taxonomy":"post_tag","embeddable":true,"href":"https:\/\/sertv.gob.pa\/nacionalfm\/wp-json\/wp\/v2\/tags?post=14561"}],"curies":[{"name":"wp","href":"https:\/\/api.w.org\/{rel}","templated":true}]}}