{"id":14565,"date":"2016-08-01T19:10:00","date_gmt":"2016-08-01T19:10:00","guid":{"rendered":""},"modified":"2016-08-01T19:10:00","modified_gmt":"2016-08-01T19:10:00","slug":"semana-de-la-lactancia-materna","status":"publish","type":"post","link":"https:\/\/sertv.gob.pa\/nacionalfm\/semana-de-la-lactancia-materna\/","title":{"rendered":"Semana de la Lactancia Materna"},"content":{"rendered":"<p>\nEste lunes, 1 de agosto, el Ministerio de Salud lanza la  Semana de la Lactancia Materna , como parte de la jornada mundial que incentiva la alimentaci\u00f3n \u00f3ptima del lactante. <\/p>\n<p>Este a\u00f1o la actividad\u00a0busca promover la relaci\u00f3n de la lactancia materna y los 17 objetivos de desarrollo sostenible, su relaci\u00f3n con la reducci\u00f3n de la pobreza, la conservaci\u00f3n del ambiente y la seguridad alimentaria. <\/p>\n<p>La mortalidad mundial de los ni\u00f1os y menores de cinco a\u00f1os disminuir\u00eda si ellos tuvieran la oportunidad de recibir una lactancia adecuada en la primera media hora luego de nacer, de manera exclusiva por seis meses, y complementaria hasta los dos a\u00f1os o m\u00e1s, expres\u00f3\u00a0Mitzila Rosas, coordinadora de la  Comisi\u00f3n Nacional para el Fomento de la Lactancia Matern a (Confolacma), durante la actividad de lanzamiento de la campa\u00f1a. <\/p>\n<p>Rosas resalt\u00f3 que en  Panam\u00e1 se est\u00e1 implementando el primer banco de leche humana pasteurizada  ubicado en el complejo hospitalario de la Caja de Seguro social, y pr\u00f3ximamente se espera contar con otro en el hospital San Miguel Arc\u00e1ngel. <\/p>\n<p>La Semana Mundial de la Lactancia Materna se extender\u00e1 desde el 1 al 7 de agosto <\/p>\n<p>\u00a0 <\/p>\n","protected":false},"excerpt":{"rendered":"<p>Este lunes, 1 de agosto, el Ministerio de Salud lanza <a href=\"https:\/\/sertv.gob.pa\/nacionalfm\/semana-de-la-lactancia-materna\/\"> [&#8230;]<\/a><\/p>\n","protected":false},"author":1,"featured_media":14566,"comment_status":"closed","ping_status":"closed","sticky":false,"template":"","format":"standard","meta":{"footnotes":""},"categories":[5],"tags":[],"class_list":["post-14565","post","type-post","status-publish","format-standard","has-post-thumbnail","hentry","category-salud"],"_links":{"self":[{"href":"https:\/\/sertv.gob.pa\/nacionalfm\/wp-json\/wp\/v2\/posts\/14565","targetHints":{"allow":["GET"]}}],"collection":[{"href":"https:\/\/sertv.gob.pa\/nacionalfm\/wp-json\/wp\/v2\/posts"}],"about":[{"href":"https:\/\/sertv.gob.pa\/nacionalfm\/wp-json\/wp\/v2\/types\/post"}],"author":[{"embeddable":true,"href":"https:\/\/sertv.gob.pa\/nacionalfm\/wp-json\/wp\/v2\/users\/1"}],"replies":[{"embeddable":true,"href":"https:\/\/sertv.gob.pa\/nacionalfm\/wp-json\/wp\/v2\/comments?post=14565"}],"version-history":[{"count":0,"href":"https:\/\/sertv.gob.pa\/nacionalfm\/wp-json\/wp\/v2\/posts\/14565\/revisions"}],"wp:featuredmedia":[{"embeddable":true,"href":"https:\/\/sertv.gob.pa\/nacionalfm\/wp-json\/wp\/v2\/media\/14566"}],"wp:attachment":[{"href":"https:\/\/sertv.gob.pa\/nacionalfm\/wp-json\/wp\/v2\/media?parent=14565"}],"wp:term":[{"taxonomy":"category","embeddable":true,"href":"https:\/\/sertv.gob.pa\/nacionalfm\/wp-json\/wp\/v2\/categories?post=14565"},{"taxonomy":"post_tag","embeddable":true,"href":"https:\/\/sertv.gob.pa\/nacionalfm\/wp-json\/wp\/v2\/tags?post=14565"}],"curies":[{"name":"wp","href":"https:\/\/api.w.org\/{rel}","templated":true}]}}