{"id":14571,"date":"2016-08-01T21:25:37","date_gmt":"2016-08-01T21:25:37","guid":{"rendered":""},"modified":"2016-08-01T21:25:37","modified_gmt":"2016-08-01T21:25:37","slug":"franton-destrona-en-gran-pelea-al-mexicano-leo-santa-cruz","status":"publish","type":"post","link":"https:\/\/sertv.gob.pa\/nacionalfm\/franton-destrona-en-gran-pelea-al-mexicano-leo-santa-cruz\/","title":{"rendered":"Franton destrona en gran pelea al mexicano Leo Santa Cruz"},"content":{"rendered":"<p>\nCarl Frampton se coron\u00f3 como nuevo supercampe\u00f3n pluma de la Asociaci\u00f3n Mundial de Boxeo al quitarle el t\u00edtulo a Leo Santa Cruz por decisi\u00f3n mayoritaria en una memorable batalla este s\u00e1bado en el Barclays Center de Nueva York. <\/p>\n<p>&ldquo;The Jackal&rdquo;, como se le conoce al gladiador de Reino Unido, pis\u00f3 el celador desde el primer asalto y logr\u00f3 entrar a la guardia de Santa Cruz, a pesar de su menor alcance, conectando de forma contundente y dando con inteligencia el paso atr\u00e1s para mantenerse alejado del peligro. En el segundo round el europeo continu\u00f3 en la misma t\u00f3nica y con una buena derecha en corto hizo tambalear al mexicano, quien logr\u00f3 mantenerse en pie. <\/p>\n<p>As\u00ed avanzaron los cap\u00edtulos en un combate muy limpio, de franco intercambio y entrega de los gladiadores. En el meridiano del careo esta condici\u00f3n se hizo m\u00e1s evidente cuando ambos boxeadores se mantuvieron gran parte del sexto asalto en el medio del entarimado lanzando y recibiendo golpes sin moverse ni trastabillar. <\/p>\n<p>Al arribar el round siete el cansancio de Frampton se hizo evidente y esto fue aprovechado por &ldquo;El Terremoto&rdquo;, como se le conoce al p\u00fagil \u00a0azteca, quien conectaba con fuerza y hasta logr\u00f3 estremecer a su rival con una buena derecha cerca de las cuerdas. <\/p>\n<p>De esta misma manera termin\u00f3 la contienda, dos gladiadores bati\u00e9ndose a dentelladas por el honor: el supercampeonato pluma de la AMB y que con el sonar de la \u00faltima campana se ganaron el aplauso del p\u00fablico como reconocimiento a su gran batalla. <\/p>\n<p>Por su parte, los jueces dieron su veredicto: 114-114. 116-112 y 117-111 a favor de Carl Frampton, quien se mantiene invicto ahora con 23 victorias y 14 nocauts. Mientras que Santa Cruz estren\u00f3 el rengl\u00f3n de las derrotas y dej\u00f3 su hoja de vida con 32 peleas ganadas, una perdida, un empate y 18 anestesias. <\/p>\n<p>Cabe destacar que el supervisor de este encuentro fue el paname\u00f1o Miguel Prado. <\/p>\n","protected":false},"excerpt":{"rendered":"<p>Carl Frampton se coron\u00f3 como nuevo supercampe\u00f3n pluma de la <a href=\"https:\/\/sertv.gob.pa\/nacionalfm\/franton-destrona-en-gran-pelea-al-mexicano-leo-santa-cruz\/\"> [&#8230;]<\/a><\/p>\n","protected":false},"author":1,"featured_media":14572,"comment_status":"closed","ping_status":"closed","sticky":false,"template":"","format":"standard","meta":{"footnotes":""},"categories":[4],"tags":[],"class_list":["post-14571","post","type-post","status-publish","format-standard","has-post-thumbnail","hentry","category-deportes"],"_links":{"self":[{"href":"https:\/\/sertv.gob.pa\/nacionalfm\/wp-json\/wp\/v2\/posts\/14571","targetHints":{"allow":["GET"]}}],"collection":[{"href":"https:\/\/sertv.gob.pa\/nacionalfm\/wp-json\/wp\/v2\/posts"}],"about":[{"href":"https:\/\/sertv.gob.pa\/nacionalfm\/wp-json\/wp\/v2\/types\/post"}],"author":[{"embeddable":true,"href":"https:\/\/sertv.gob.pa\/nacionalfm\/wp-json\/wp\/v2\/users\/1"}],"replies":[{"embeddable":true,"href":"https:\/\/sertv.gob.pa\/nacionalfm\/wp-json\/wp\/v2\/comments?post=14571"}],"version-history":[{"count":0,"href":"https:\/\/sertv.gob.pa\/nacionalfm\/wp-json\/wp\/v2\/posts\/14571\/revisions"}],"wp:featuredmedia":[{"embeddable":true,"href":"https:\/\/sertv.gob.pa\/nacionalfm\/wp-json\/wp\/v2\/media\/14572"}],"wp:attachment":[{"href":"https:\/\/sertv.gob.pa\/nacionalfm\/wp-json\/wp\/v2\/media?parent=14571"}],"wp:term":[{"taxonomy":"category","embeddable":true,"href":"https:\/\/sertv.gob.pa\/nacionalfm\/wp-json\/wp\/v2\/categories?post=14571"},{"taxonomy":"post_tag","embeddable":true,"href":"https:\/\/sertv.gob.pa\/nacionalfm\/wp-json\/wp\/v2\/tags?post=14571"}],"curies":[{"name":"wp","href":"https:\/\/api.w.org\/{rel}","templated":true}]}}