{"id":14595,"date":"2016-08-02T20:10:16","date_gmt":"2016-08-02T20:10:16","guid":{"rendered":""},"modified":"2016-08-02T20:10:16","modified_gmt":"2016-08-02T20:10:16","slug":"presidente-varela-entrega-bandera-a-alonso-edwards-para-jo","status":"publish","type":"post","link":"https:\/\/sertv.gob.pa\/nacionalfm\/presidente-varela-entrega-bandera-a-alonso-edwards-para-jo\/","title":{"rendered":"Presidente Varela entrega bandera a Alonso Edwards para JO"},"content":{"rendered":"<p>\nEl velocista Alonso Edwards recibi\u00f3 la Bandera Nacional del presidente de la Rep\u00fablica Juan Carlos Varela, con el compromiso de dejar en alto a Panam\u00e1 en los Juegos Ol\u00edmpicos de R\u00edo de Janeiro 2016. <\/p>\n<p> Durante el acto, celebrado en el sal\u00f3n Amarillo del Palacio de Las Garzas, el Mandatario record\u00f3 a Edward que todo el pa\u00eds estar\u00e1 pendiente de su actuaci\u00f3n y la de todos los integrantes de la delegaci\u00f3n, conformada por diez atletas en siete disciplinas deportivas.  <\/p>\n<p> Adem\u00e1s de Edward, la delegaci\u00f3n paname\u00f1a la componen Isabella Amado (gimnasia), Yvette Lewis (atletismo), Carolena Carstens (taekwondo), David Mu\u00f1oz (tiro), Atheyna Bylon (boxeo), Mar\u00eda Fernanda Far (nataci\u00f3n) y Jorge Castelblanco (atletismo).  <\/p>\n<p> El primer atleta paname\u00f1o que ver\u00e1 acci\u00f3n ser\u00e1 David Mu\u00f1oz, quien competir\u00e1 en pistola de aire el 6 de agosto, a las 11:00 a.m. en los 10 metros. Cuatro d\u00edas despu\u00e9s volver\u00e1 a competir en los 50 metros en la modalidad pistola libre.  <\/p>\n<p>En tanto, los nadadores Edgar Crespo y Mar\u00eda Far ver\u00e1n acci\u00f3n el 6 y 9 de agosto, en los 100 metros pecho y 200 metros mariposa, respectivamente. <\/p>\n<p> Mientras que la gimnasta Isabella Amado competir\u00e1 el 7 de agosto, desde las 7:45 a.m. Un d\u00eda despu\u00e9s lo har\u00e1 Eileen Greench representando al pa\u00eds en esgrima.  <\/p>\n<p> Por su parte la boxeadora Atheyna Bylon participar\u00e1 el 14 de agosto en los 75 kg. El 16 de agosto, Yvette Lewis debutar\u00e1 en los 100 metros valla, desde las 9:00 am y 50 minutos m\u00e1s tarde lo har\u00e1 Alonso Edward, en los 200 metros planos.  <\/p>\n<p> Carolena Carstens ver\u00e1 acci\u00f3n el 18 de agosto en Taekwondo en los 57 kg, desde las 7:00 a.m. y Jorge Castelblanco estar\u00e1 compitiendo en la marat\u00f3n el 21 de agosto, a las 7:30 a.m.  <\/p>\n<p> En su historia, Panam\u00e1 ha logrado tres preseas en Olimpiadas: una de oro en Salto Largo, con Irving Saladino, en Pek\u00edn 2008 y dos de bronce con Lloyd LaBeach en los 100 y 200 metros en Londres 1948.  <\/p>\n<p>\u00a0 <\/p>\n","protected":false},"excerpt":{"rendered":"<p>El velocista Alonso Edwards recibi\u00f3 la Bandera Nacional del presidente <a href=\"https:\/\/sertv.gob.pa\/nacionalfm\/presidente-varela-entrega-bandera-a-alonso-edwards-para-jo\/\"> [&#8230;]<\/a><\/p>\n","protected":false},"author":1,"featured_media":14596,"comment_status":"closed","ping_status":"closed","sticky":false,"template":"","format":"standard","meta":{"footnotes":""},"categories":[4],"tags":[],"class_list":["post-14595","post","type-post","status-publish","format-standard","has-post-thumbnail","hentry","category-deportes"],"_links":{"self":[{"href":"https:\/\/sertv.gob.pa\/nacionalfm\/wp-json\/wp\/v2\/posts\/14595","targetHints":{"allow":["GET"]}}],"collection":[{"href":"https:\/\/sertv.gob.pa\/nacionalfm\/wp-json\/wp\/v2\/posts"}],"about":[{"href":"https:\/\/sertv.gob.pa\/nacionalfm\/wp-json\/wp\/v2\/types\/post"}],"author":[{"embeddable":true,"href":"https:\/\/sertv.gob.pa\/nacionalfm\/wp-json\/wp\/v2\/users\/1"}],"replies":[{"embeddable":true,"href":"https:\/\/sertv.gob.pa\/nacionalfm\/wp-json\/wp\/v2\/comments?post=14595"}],"version-history":[{"count":0,"href":"https:\/\/sertv.gob.pa\/nacionalfm\/wp-json\/wp\/v2\/posts\/14595\/revisions"}],"wp:featuredmedia":[{"embeddable":true,"href":"https:\/\/sertv.gob.pa\/nacionalfm\/wp-json\/wp\/v2\/media\/14596"}],"wp:attachment":[{"href":"https:\/\/sertv.gob.pa\/nacionalfm\/wp-json\/wp\/v2\/media?parent=14595"}],"wp:term":[{"taxonomy":"category","embeddable":true,"href":"https:\/\/sertv.gob.pa\/nacionalfm\/wp-json\/wp\/v2\/categories?post=14595"},{"taxonomy":"post_tag","embeddable":true,"href":"https:\/\/sertv.gob.pa\/nacionalfm\/wp-json\/wp\/v2\/tags?post=14595"}],"curies":[{"name":"wp","href":"https:\/\/api.w.org\/{rel}","templated":true}]}}