{"id":14597,"date":"2016-08-02T20:11:32","date_gmt":"2016-08-02T20:11:32","guid":{"rendered":""},"modified":"2016-08-02T20:11:32","modified_gmt":"2016-08-02T20:11:32","slug":"para-ubicar-genes-de-la-depresion-cientificos-analizan-adn","status":"publish","type":"post","link":"https:\/\/sertv.gob.pa\/nacionalfm\/para-ubicar-genes-de-la-depresion-cientificos-analizan-adn\/","title":{"rendered":"Para ubicar genes de la depresi\u00f3n, cient\u00edficos analizan ADN"},"content":{"rendered":"<p>\nEn un avance crucial en el estudio de la  depresi\u00f3n , un an\u00e1lisis completo del  ADN \u00a0humano permiti\u00f3 hallar lo que parecen ser los escondites de m\u00e1s de 12 genes vinculados con ese trastorno. <\/p>\n<p>\u00abEste es un punto de partida\u00bb para futuros trabajos tendientes a develar los fundamentos biol\u00f3gicos de la depresi\u00f3n, lo que a su vez podr\u00eda derivar en el desarrollo de nuevos medicamentos, manifest\u00f3 Ashley Winslow, una autora de un documento sobre la investigaci\u00f3n. <\/p>\n<p>Los expertos dijeron que el resultado es importante no s\u00f3lo por sus hallazgos espec\u00edficos, sino igualmente por su demostraci\u00f3n de que el enfoque del estudio puede contribuir a descubrir las claves de la biolog\u00eda de la depresi\u00f3n, que es en gran medida un misterio. <\/p>\n<p>Los an\u00e1lisis de ADN son muy usados para localizar genes relacionados con riesgos de enfermedades, pero no ha sucedido as\u00ed con la depresi\u00f3n. En un avance extraordinario y modesto del que se inform\u00f3 el a\u00f1o pasado, investigadores encontraron dos lugares en el ADN humano en los que al parecer se hallan los genes que afectan el riesgo en una poblaci\u00f3n de etnia en China. <\/p>\n<p>Sin embargo, no apareci\u00f3 evidencia alguna en personas de origen europeo, que es el grupo estudiado en los resultados anunciados el lunes. \u00abLo que nos muestran es que estamos en camino\u00bb de encontrar muchas m\u00e1s vinculaciones gen\u00e9ticas, dijo el doctor Douglas Levinson, de la Universidad de Stanford, que no particip\u00f3 en la investigaci\u00f3n. <\/p>\n<p>\u00abLos resultados han mostrado que la depresi\u00f3n es manejable\u00bb. Levinson describi\u00f3 los nuevos resultados como la prueba m\u00e1s convincente a la fecha de que los an\u00e1lisis de genes pueden dar frutos frente a la depresi\u00f3n. <\/p>\n<p>Winslow y otros expertos identificaron en su investigaci\u00f3n 15 zonas en el ADN humano &mdash;el \u00abgenoma\u00bb&mdash; que muestran indicios de albergar variaciones gen\u00e9ticas que afectan el riesgo de que una persona padezca depresi\u00f3n. <\/p>\n<p>Eso indica los lugares a los que pueden abocarse los cient\u00edficos a fin de identificar y estudiar los genes afectados, lo que a su vez podr\u00eda revelar los procesos de alteraci\u00f3n que incrementan el riesgo de la enfermedad. <\/p>\n<p>Winslow trabajaba con la gigante farmac\u00e9utica Pfizer Inc. cuando realiz\u00f3 el trabajo con investigadores del Hospital General de Massachusetts y la compa\u00f1\u00eda de pruebas gen\u00e9ticas 23andMe, Inc. <\/p>\n<p>La experta est\u00e1 ahora en la Universidad de Pennsylvania. Los resultados fueron difundidos por la publicaci\u00f3n Nature Genetics. Unos 350 millones de personas en el mundo sufren depresi\u00f3n, seg\u00fan c\u00e1lculos de la Organizaci\u00f3n Mundial de la Salud. <\/p>\n<p>\u00a0 <\/p>\n","protected":false},"excerpt":{"rendered":"<p>En un avance crucial en el estudio de la depresi\u00f3n <a href=\"https:\/\/sertv.gob.pa\/nacionalfm\/para-ubicar-genes-de-la-depresion-cientificos-analizan-adn\/\"> [&#8230;]<\/a><\/p>\n","protected":false},"author":1,"featured_media":14598,"comment_status":"closed","ping_status":"closed","sticky":false,"template":"","format":"standard","meta":{"footnotes":""},"categories":[5],"tags":[],"class_list":["post-14597","post","type-post","status-publish","format-standard","has-post-thumbnail","hentry","category-salud"],"_links":{"self":[{"href":"https:\/\/sertv.gob.pa\/nacionalfm\/wp-json\/wp\/v2\/posts\/14597","targetHints":{"allow":["GET"]}}],"collection":[{"href":"https:\/\/sertv.gob.pa\/nacionalfm\/wp-json\/wp\/v2\/posts"}],"about":[{"href":"https:\/\/sertv.gob.pa\/nacionalfm\/wp-json\/wp\/v2\/types\/post"}],"author":[{"embeddable":true,"href":"https:\/\/sertv.gob.pa\/nacionalfm\/wp-json\/wp\/v2\/users\/1"}],"replies":[{"embeddable":true,"href":"https:\/\/sertv.gob.pa\/nacionalfm\/wp-json\/wp\/v2\/comments?post=14597"}],"version-history":[{"count":0,"href":"https:\/\/sertv.gob.pa\/nacionalfm\/wp-json\/wp\/v2\/posts\/14597\/revisions"}],"wp:featuredmedia":[{"embeddable":true,"href":"https:\/\/sertv.gob.pa\/nacionalfm\/wp-json\/wp\/v2\/media\/14598"}],"wp:attachment":[{"href":"https:\/\/sertv.gob.pa\/nacionalfm\/wp-json\/wp\/v2\/media?parent=14597"}],"wp:term":[{"taxonomy":"category","embeddable":true,"href":"https:\/\/sertv.gob.pa\/nacionalfm\/wp-json\/wp\/v2\/categories?post=14597"},{"taxonomy":"post_tag","embeddable":true,"href":"https:\/\/sertv.gob.pa\/nacionalfm\/wp-json\/wp\/v2\/tags?post=14597"}],"curies":[{"name":"wp","href":"https:\/\/api.w.org\/{rel}","templated":true}]}}