{"id":14599,"date":"2016-08-02T20:31:55","date_gmt":"2016-08-02T20:31:55","guid":{"rendered":""},"modified":"2016-08-02T20:31:55","modified_gmt":"2016-08-02T20:31:55","slug":"para-reconstruir-proyecto-ciudad-de-la-salud-aprueban-planos","status":"publish","type":"post","link":"https:\/\/sertv.gob.pa\/nacionalfm\/para-reconstruir-proyecto-ciudad-de-la-salud-aprueban-planos\/","title":{"rendered":"Para reconstruir proyecto \u00abCiudad de la Salud\u00bb aprueban planos"},"content":{"rendered":"<p>\nEl ministro consejero de Salud, Tem\u00edstocles D\u00edaz, confirm\u00f3 hoy martes la aprobaci\u00f3n de todos los planos de la reestructuraci\u00f3n del proyecto Ciudad de la Salud, lo que representa que la compa\u00f1\u00eda podr\u00e1 retomar los trabajos al cien por ciento. <\/p>\n<p>D\u00edaz espera que dentro de dos a\u00f1os el proyecto se encuentre listo. <\/p>\n<p>Igualmente inform\u00f3 que se eval\u00faa construir una extensi\u00f3n de la L\u00ednea 3 del Metro de Panam\u00e1 hacia el proyecto, y la construcci\u00f3n de una calle de acceso por el campo de antenas, lo que denomin\u00f3 como una \u00abruta ecol\u00f3gica de salud\u00bb. <\/p>\n<p>El proyecto, que est\u00e1 a cargo de FCC, tendr\u00e1 un costo de $517,507,127. <\/p>\n<p>\u00a0 <\/p>\n","protected":false},"excerpt":{"rendered":"<p>El ministro consejero de Salud, Tem\u00edstocles D\u00edaz, confirm\u00f3 hoy martes <a href=\"https:\/\/sertv.gob.pa\/nacionalfm\/para-reconstruir-proyecto-ciudad-de-la-salud-aprueban-planos\/\"> [&#8230;]<\/a><\/p>\n","protected":false},"author":1,"featured_media":14600,"comment_status":"closed","ping_status":"closed","sticky":false,"template":"","format":"standard","meta":{"footnotes":""},"categories":[5],"tags":[],"class_list":["post-14599","post","type-post","status-publish","format-standard","has-post-thumbnail","hentry","category-salud"],"_links":{"self":[{"href":"https:\/\/sertv.gob.pa\/nacionalfm\/wp-json\/wp\/v2\/posts\/14599","targetHints":{"allow":["GET"]}}],"collection":[{"href":"https:\/\/sertv.gob.pa\/nacionalfm\/wp-json\/wp\/v2\/posts"}],"about":[{"href":"https:\/\/sertv.gob.pa\/nacionalfm\/wp-json\/wp\/v2\/types\/post"}],"author":[{"embeddable":true,"href":"https:\/\/sertv.gob.pa\/nacionalfm\/wp-json\/wp\/v2\/users\/1"}],"replies":[{"embeddable":true,"href":"https:\/\/sertv.gob.pa\/nacionalfm\/wp-json\/wp\/v2\/comments?post=14599"}],"version-history":[{"count":0,"href":"https:\/\/sertv.gob.pa\/nacionalfm\/wp-json\/wp\/v2\/posts\/14599\/revisions"}],"wp:featuredmedia":[{"embeddable":true,"href":"https:\/\/sertv.gob.pa\/nacionalfm\/wp-json\/wp\/v2\/media\/14600"}],"wp:attachment":[{"href":"https:\/\/sertv.gob.pa\/nacionalfm\/wp-json\/wp\/v2\/media?parent=14599"}],"wp:term":[{"taxonomy":"category","embeddable":true,"href":"https:\/\/sertv.gob.pa\/nacionalfm\/wp-json\/wp\/v2\/categories?post=14599"},{"taxonomy":"post_tag","embeddable":true,"href":"https:\/\/sertv.gob.pa\/nacionalfm\/wp-json\/wp\/v2\/tags?post=14599"}],"curies":[{"name":"wp","href":"https:\/\/api.w.org\/{rel}","templated":true}]}}