{"id":14623,"date":"2016-08-03T18:52:05","date_gmt":"2016-08-03T18:52:05","guid":{"rendered":""},"modified":"2016-08-03T18:52:05","modified_gmt":"2016-08-03T18:52:05","slug":"cientifico-nunez-y-el-potro-hernandez-disputan-titulo-fedebol","status":"publish","type":"post","link":"https:\/\/sertv.gob.pa\/nacionalfm\/cientifico-nunez-y-el-potro-hernandez-disputan-titulo-fedebol\/","title":{"rendered":"\u201cCient\u00edfico\u201d N\u00fa\u00f1ez y Hern\u00e1ndez disputan t\u00edtulo FEDEBOL"},"content":{"rendered":"<p>\nEl chorrerano Ricardo &ldquo;El Cient\u00edfico&rdquo; N\u00fa\u00f1ez y el venezolano Rafael &ldquo;El Potro&rdquo; Hern\u00e1ndez disputar\u00e1n el t\u00edtulo FEDEBOL de los superplumas, mediante aprobaci\u00f3n de la Asociaci\u00f3n Mundial de boxeo, en el combate estelar de la cartelera del martes 16 de agosto en el Centro de Convenciones Vasco N\u00fa\u00f1ez de Balboa del Hotel Panam\u00e1. <\/p>\n<p>Para Ricardo N\u00fa\u00f1ez es la segunda oportunidad de disputar un titulo regional y la tercera en cuanto a t\u00edtulos en general, ya que en 2013, disput\u00f3 el t\u00edtulo interino Fecarbox superpluma del CMB, cuando derrot\u00f3 por knockout t\u00e9cnico en 2 asaltos a Julio Cama\u00f1o y el 27 de mayo de 2016, disput\u00f3 el Campeonato Nacional superpluma ante Erick Castro. <\/p>\n<p>N\u00fa\u00f1ez &ndash; Hern\u00e1ndez, es un combate de 2 boxeadores que tienen el poder en sus pu\u00f1os para terminar las acciones antes del l\u00edmite. N\u00fa\u00f1ez de sus 15 victorias, 14 son por la v\u00eda del knockout, lo que lo hace merecedor de un porcentaje de 93%, mientras que Hern\u00e1ndez, 15 de sus 19 victorias han sido por knockout reflejando un\u00a078%. <\/p>\n<p>\u00a0 <\/p>\n","protected":false},"excerpt":{"rendered":"<p>El chorrerano Ricardo &ldquo;El Cient\u00edfico&rdquo; N\u00fa\u00f1ez y el venezolano Rafael <a href=\"https:\/\/sertv.gob.pa\/nacionalfm\/cientifico-nunez-y-el-potro-hernandez-disputan-titulo-fedebol\/\"> [&#8230;]<\/a><\/p>\n","protected":false},"author":1,"featured_media":14624,"comment_status":"closed","ping_status":"closed","sticky":false,"template":"","format":"standard","meta":{"footnotes":""},"categories":[4],"tags":[],"class_list":["post-14623","post","type-post","status-publish","format-standard","has-post-thumbnail","hentry","category-deportes"],"_links":{"self":[{"href":"https:\/\/sertv.gob.pa\/nacionalfm\/wp-json\/wp\/v2\/posts\/14623","targetHints":{"allow":["GET"]}}],"collection":[{"href":"https:\/\/sertv.gob.pa\/nacionalfm\/wp-json\/wp\/v2\/posts"}],"about":[{"href":"https:\/\/sertv.gob.pa\/nacionalfm\/wp-json\/wp\/v2\/types\/post"}],"author":[{"embeddable":true,"href":"https:\/\/sertv.gob.pa\/nacionalfm\/wp-json\/wp\/v2\/users\/1"}],"replies":[{"embeddable":true,"href":"https:\/\/sertv.gob.pa\/nacionalfm\/wp-json\/wp\/v2\/comments?post=14623"}],"version-history":[{"count":0,"href":"https:\/\/sertv.gob.pa\/nacionalfm\/wp-json\/wp\/v2\/posts\/14623\/revisions"}],"wp:featuredmedia":[{"embeddable":true,"href":"https:\/\/sertv.gob.pa\/nacionalfm\/wp-json\/wp\/v2\/media\/14624"}],"wp:attachment":[{"href":"https:\/\/sertv.gob.pa\/nacionalfm\/wp-json\/wp\/v2\/media?parent=14623"}],"wp:term":[{"taxonomy":"category","embeddable":true,"href":"https:\/\/sertv.gob.pa\/nacionalfm\/wp-json\/wp\/v2\/categories?post=14623"},{"taxonomy":"post_tag","embeddable":true,"href":"https:\/\/sertv.gob.pa\/nacionalfm\/wp-json\/wp\/v2\/tags?post=14623"}],"curies":[{"name":"wp","href":"https:\/\/api.w.org\/{rel}","templated":true}]}}