{"id":14627,"date":"2016-08-03T19:09:03","date_gmt":"2016-08-03T19:09:03","guid":{"rendered":""},"modified":"2016-08-03T19:09:03","modified_gmt":"2016-08-03T19:09:03","slug":"primer-farmaco-que-cura-las-fistulas-anales-en-pacientes-con-crohn","status":"publish","type":"post","link":"https:\/\/sertv.gob.pa\/nacionalfm\/primer-farmaco-que-cura-las-fistulas-anales-en-pacientes-con-crohn\/","title":{"rendered":"Primer f\u00e1rmaco que cura las f\u00edstulas anales en pacientes con Crohn"},"content":{"rendered":"<p>\nUn medicamento, elaborado con  c\u00e9lulas madre mesenquimales procedentes de la grasa , cura las f\u00edstulas anales en pacientes con Crohn. Luego de \u00a014 a\u00f1os de estudio, el equipo de Dami\u00e1n Garc\u00eda-Olmo, jefe del Departamento de Cirug\u00eda del  Hospital Universitario Fundaci\u00f3n Jim\u00e9nez D\u00edaz-Grupo Quir\u00f3nsalud , de Madrid, ha visto terminado el largo camino recorrido hasta conseguir con \u00e9xito el  primer f\u00e1rmaco a nivel mundial hecho con c\u00e9lulas madre  y completar un estudio en fase III, donde se ha probado su eficacia y seguridad. <\/p>\n<p>Este hallazgo lo recoge un estudio que se publica en  The Lancet , cuyo investigador principal es Juli\u00e0 Pan\u00e9s, jefe del Servicio de Gastroenterolog\u00eda del  Hospital Cl\u00ednic de Barcelona . <\/p>\n<p>Garc\u00eda Olmo cuenta \u00a0que han conseguido este resultado \u00abgracias al desarrollo empresarial que ha habido detr\u00e1s de una idea cient\u00edfica.  Todo el desarrollo ha sido espa\u00f1ol, marca Espa\u00f1a . TiGenix tiene la planta de producci\u00f3n en Tres Cantos, donde produce el nuevo f\u00e1rmaco\u00bb. <\/p>\n<p>Si todo va bien y cuentan con todos los permisos necesarios de la Agencia Europea del Medicamento, para mediados del a\u00f1o que viene tienen previsto comercializar el f\u00e1rmaco. Por ahora, los resultados son m\u00e1s que buenos, ya que con  una sola inyecci\u00f3n se consigue curar las f\u00edstulas anales en el 50% de pacientes  con Crohn tratados. <\/p>\n<p>\u00abEl protocolo del estudio era muy estricto y solo pod\u00edamos administrar una sola inyecci\u00f3n, pero los datos previos nos se\u00f1alan que en los pacientes que no funciona la primera inyecci\u00f3n podemos volver a intentarlo las veces que sean necesarias. As\u00ed,  con dos inyecciones la tasa de \u00e9xito se sit\u00faa en el 75% y con tres llega hasta casi el 80% \u00ab, declara con satisfacci\u00f3n el cirujano. <\/p>\n<p>\u00a0 <\/p>\n","protected":false},"excerpt":{"rendered":"<p>Un medicamento, elaborado con c\u00e9lulas madre mesenquimales procedentes de la <a href=\"https:\/\/sertv.gob.pa\/nacionalfm\/primer-farmaco-que-cura-las-fistulas-anales-en-pacientes-con-crohn\/\"> [&#8230;]<\/a><\/p>\n","protected":false},"author":1,"featured_media":14628,"comment_status":"closed","ping_status":"closed","sticky":false,"template":"","format":"standard","meta":{"footnotes":""},"categories":[5],"tags":[],"class_list":["post-14627","post","type-post","status-publish","format-standard","has-post-thumbnail","hentry","category-salud"],"_links":{"self":[{"href":"https:\/\/sertv.gob.pa\/nacionalfm\/wp-json\/wp\/v2\/posts\/14627","targetHints":{"allow":["GET"]}}],"collection":[{"href":"https:\/\/sertv.gob.pa\/nacionalfm\/wp-json\/wp\/v2\/posts"}],"about":[{"href":"https:\/\/sertv.gob.pa\/nacionalfm\/wp-json\/wp\/v2\/types\/post"}],"author":[{"embeddable":true,"href":"https:\/\/sertv.gob.pa\/nacionalfm\/wp-json\/wp\/v2\/users\/1"}],"replies":[{"embeddable":true,"href":"https:\/\/sertv.gob.pa\/nacionalfm\/wp-json\/wp\/v2\/comments?post=14627"}],"version-history":[{"count":0,"href":"https:\/\/sertv.gob.pa\/nacionalfm\/wp-json\/wp\/v2\/posts\/14627\/revisions"}],"wp:featuredmedia":[{"embeddable":true,"href":"https:\/\/sertv.gob.pa\/nacionalfm\/wp-json\/wp\/v2\/media\/14628"}],"wp:attachment":[{"href":"https:\/\/sertv.gob.pa\/nacionalfm\/wp-json\/wp\/v2\/media?parent=14627"}],"wp:term":[{"taxonomy":"category","embeddable":true,"href":"https:\/\/sertv.gob.pa\/nacionalfm\/wp-json\/wp\/v2\/categories?post=14627"},{"taxonomy":"post_tag","embeddable":true,"href":"https:\/\/sertv.gob.pa\/nacionalfm\/wp-json\/wp\/v2\/tags?post=14627"}],"curies":[{"name":"wp","href":"https:\/\/api.w.org\/{rel}","templated":true}]}}