{"id":14643,"date":"2016-08-04T15:53:57","date_gmt":"2016-08-04T15:53:57","guid":{"rendered":""},"modified":"2016-08-04T15:53:57","modified_gmt":"2016-08-04T15:53:57","slug":"casos-de-dengue-en-bugaba-chiriqui-van-en-aumento","status":"publish","type":"post","link":"https:\/\/sertv.gob.pa\/nacionalfm\/casos-de-dengue-en-bugaba-chiriqui-van-en-aumento\/","title":{"rendered":"Casos de dengue en Bugaba, Chiriqu\u00ed, van en aumento"},"content":{"rendered":"<p>\nLas autoridades de salud informaron que en Bugaba, Chiriqu\u00ed, aument\u00f3 el n\u00famero de personas con dengue, producto de la proliferaci\u00f3n del mosquito\u00a0 Aedes Aegypti.  <\/p>\n<p>En la provincia se han reportado 44 personas con dengue cl\u00e1sico, y de esos 13 proceden del distrito de Bugaba. <\/p>\n<p>El director m\u00e9dico del Ministerio de Salud en Bugaba, Joys Beit\u00eda, manifest\u00f3 que pese a los constantes operativos de control de vectores y jornadas de concientizaci\u00f3n, existen comunidades que registran altos niveles de infestaci\u00f3n de\u00a0 Aedes Aegypti . <\/p>\n<p>Mencion\u00f3 que el pr\u00f3ximo domingo se efectuar\u00e1 una jornada de limpieza\u00a0para la prevenci\u00f3n del dengue.\u00a0Para finales del mes de julio, la infestaci\u00f3n en la comunidad de Vista Hermosa fue del 8%; El Porvenir del 6%; en\u00a0Bel\u00e9n y en la zona c\u00e9ntrica de La Concepci\u00f3n fue de un 5%. <\/p>\n<p>\u00a0 <\/p>\n","protected":false},"excerpt":{"rendered":"<p>Las autoridades de salud informaron que en Bugaba, Chiriqu\u00ed, aument\u00f3 <a href=\"https:\/\/sertv.gob.pa\/nacionalfm\/casos-de-dengue-en-bugaba-chiriqui-van-en-aumento\/\"> [&#8230;]<\/a><\/p>\n","protected":false},"author":1,"featured_media":14644,"comment_status":"closed","ping_status":"closed","sticky":false,"template":"","format":"standard","meta":{"footnotes":""},"categories":[5],"tags":[],"class_list":["post-14643","post","type-post","status-publish","format-standard","has-post-thumbnail","hentry","category-salud"],"_links":{"self":[{"href":"https:\/\/sertv.gob.pa\/nacionalfm\/wp-json\/wp\/v2\/posts\/14643","targetHints":{"allow":["GET"]}}],"collection":[{"href":"https:\/\/sertv.gob.pa\/nacionalfm\/wp-json\/wp\/v2\/posts"}],"about":[{"href":"https:\/\/sertv.gob.pa\/nacionalfm\/wp-json\/wp\/v2\/types\/post"}],"author":[{"embeddable":true,"href":"https:\/\/sertv.gob.pa\/nacionalfm\/wp-json\/wp\/v2\/users\/1"}],"replies":[{"embeddable":true,"href":"https:\/\/sertv.gob.pa\/nacionalfm\/wp-json\/wp\/v2\/comments?post=14643"}],"version-history":[{"count":0,"href":"https:\/\/sertv.gob.pa\/nacionalfm\/wp-json\/wp\/v2\/posts\/14643\/revisions"}],"wp:featuredmedia":[{"embeddable":true,"href":"https:\/\/sertv.gob.pa\/nacionalfm\/wp-json\/wp\/v2\/media\/14644"}],"wp:attachment":[{"href":"https:\/\/sertv.gob.pa\/nacionalfm\/wp-json\/wp\/v2\/media?parent=14643"}],"wp:term":[{"taxonomy":"category","embeddable":true,"href":"https:\/\/sertv.gob.pa\/nacionalfm\/wp-json\/wp\/v2\/categories?post=14643"},{"taxonomy":"post_tag","embeddable":true,"href":"https:\/\/sertv.gob.pa\/nacionalfm\/wp-json\/wp\/v2\/tags?post=14643"}],"curies":[{"name":"wp","href":"https:\/\/api.w.org\/{rel}","templated":true}]}}