{"id":14675,"date":"2016-08-05T16:07:36","date_gmt":"2016-08-05T16:07:36","guid":{"rendered":""},"modified":"2016-08-05T16:07:36","modified_gmt":"2016-08-05T16:07:36","slug":"atheyna-bylon-se-mide-en-tercera-version-a-brasilena-bandeira","status":"publish","type":"post","link":"https:\/\/sertv.gob.pa\/nacionalfm\/atheyna-bylon-se-mide-en-tercera-version-a-brasilena-bandeira\/","title":{"rendered":"Atheyna Bylon se mide en tercera versi\u00f3n a brasile\u00f1a Bandeira"},"content":{"rendered":"<p>\nEn el sorteo de boxeo de los Juegos Ol\u00edmpicos de R\u00edo de Janeiro, Brasil 2016, Atheyna Bylon le toca medirse por tercera ocasi\u00f3n a la boxeadora brasile\u00f1a Andreia Bandeira. <\/p>\n<p>Ambas boxeadoras se enfrentaron por primera vez en el mes de abril en el Torneo Continental Femenino, realizado en Santa Cruz, Bolivia, en la cual Bylon sali\u00f3 victoriosa por decisi\u00f3n un\u00e1nime en los 75 kilos.\u00a0 En el Mundial Femenino escenificado en Kazajist\u00e1n en el mes de mayo la victoria le correspondi\u00f3 a la brasile\u00f1a en el mismo tonelaje de igual manera por decisi\u00f3n dividida. <\/p>\n<p>El encuentro se verificar\u00e1 el pr\u00f3ximo 14 de agosto, y de ganar Atheyna Bylon, se enfrentar\u00e1 el 17 de agosto a la china Quian Li. <\/p>\n","protected":false},"excerpt":{"rendered":"<p>En el sorteo de boxeo de los Juegos Ol\u00edmpicos de <a href=\"https:\/\/sertv.gob.pa\/nacionalfm\/atheyna-bylon-se-mide-en-tercera-version-a-brasilena-bandeira\/\"> [&#8230;]<\/a><\/p>\n","protected":false},"author":1,"featured_media":14676,"comment_status":"closed","ping_status":"closed","sticky":false,"template":"","format":"standard","meta":{"footnotes":""},"categories":[4],"tags":[],"class_list":["post-14675","post","type-post","status-publish","format-standard","has-post-thumbnail","hentry","category-deportes"],"_links":{"self":[{"href":"https:\/\/sertv.gob.pa\/nacionalfm\/wp-json\/wp\/v2\/posts\/14675","targetHints":{"allow":["GET"]}}],"collection":[{"href":"https:\/\/sertv.gob.pa\/nacionalfm\/wp-json\/wp\/v2\/posts"}],"about":[{"href":"https:\/\/sertv.gob.pa\/nacionalfm\/wp-json\/wp\/v2\/types\/post"}],"author":[{"embeddable":true,"href":"https:\/\/sertv.gob.pa\/nacionalfm\/wp-json\/wp\/v2\/users\/1"}],"replies":[{"embeddable":true,"href":"https:\/\/sertv.gob.pa\/nacionalfm\/wp-json\/wp\/v2\/comments?post=14675"}],"version-history":[{"count":0,"href":"https:\/\/sertv.gob.pa\/nacionalfm\/wp-json\/wp\/v2\/posts\/14675\/revisions"}],"wp:featuredmedia":[{"embeddable":true,"href":"https:\/\/sertv.gob.pa\/nacionalfm\/wp-json\/wp\/v2\/media\/14676"}],"wp:attachment":[{"href":"https:\/\/sertv.gob.pa\/nacionalfm\/wp-json\/wp\/v2\/media?parent=14675"}],"wp:term":[{"taxonomy":"category","embeddable":true,"href":"https:\/\/sertv.gob.pa\/nacionalfm\/wp-json\/wp\/v2\/categories?post=14675"},{"taxonomy":"post_tag","embeddable":true,"href":"https:\/\/sertv.gob.pa\/nacionalfm\/wp-json\/wp\/v2\/tags?post=14675"}],"curies":[{"name":"wp","href":"https:\/\/api.w.org\/{rel}","templated":true}]}}