{"id":14681,"date":"2016-08-05T16:23:56","date_gmt":"2016-08-05T16:23:56","guid":{"rendered":""},"modified":"2016-08-05T16:23:56","modified_gmt":"2016-08-05T16:23:56","slug":"panama-empata-con-herediano-en-inicio-de-torneo-de-concacaf","status":"publish","type":"post","link":"https:\/\/sertv.gob.pa\/nacionalfm\/panama-empata-con-herediano-en-inicio-de-torneo-de-concacaf\/","title":{"rendered":"Panam\u00e1 empata con Herediano en inicio de Torneo de CONCACAF"},"content":{"rendered":"<p>\nAnte el Herediano de Costa Rica el CD Plaza Amador, empat\u00f3 a 1 gol en el inicio de la Liga de Campeones de CONCACAF, celebrado en el estadio el Maracan\u00e1 del Choririllo. <\/p>\n<p>Los placinos debutaban en la competici\u00f3n continental y ofrecieron un gran partido ante un equipo costarricense que era muy superior en el papel. Sergio &#8216;Wiwa&#8217; Ortega abri\u00f3 el marcador al minuto 12 de la primera parte tras rematar un bal\u00f3n suelto en el \u00e1rea tica. <\/p>\n<p>En la segunda mitad, los leones trataron de aguantar el marcador para llevarse los tres puntos, pero una desconcentraci\u00f3n en la marca propici\u00f3 el gol del empate de los ticos, anotado por Yendrick Ru\u00edz. <\/p>\n<p>El pr\u00f3ximo partido del Plaza Amador en Liga de Campeones ser\u00e1 el 24 de agosto ante el Tigres de M\u00e9xico en el estadio Universitario de Monterrey. <\/p>\n<p>\u00a0 <\/p>\n","protected":false},"excerpt":{"rendered":"<p>Ante el Herediano de Costa Rica el CD Plaza Amador, <a href=\"https:\/\/sertv.gob.pa\/nacionalfm\/panama-empata-con-herediano-en-inicio-de-torneo-de-concacaf\/\"> [&#8230;]<\/a><\/p>\n","protected":false},"author":1,"featured_media":14682,"comment_status":"closed","ping_status":"closed","sticky":false,"template":"","format":"standard","meta":{"footnotes":""},"categories":[4],"tags":[],"class_list":["post-14681","post","type-post","status-publish","format-standard","has-post-thumbnail","hentry","category-deportes"],"_links":{"self":[{"href":"https:\/\/sertv.gob.pa\/nacionalfm\/wp-json\/wp\/v2\/posts\/14681","targetHints":{"allow":["GET"]}}],"collection":[{"href":"https:\/\/sertv.gob.pa\/nacionalfm\/wp-json\/wp\/v2\/posts"}],"about":[{"href":"https:\/\/sertv.gob.pa\/nacionalfm\/wp-json\/wp\/v2\/types\/post"}],"author":[{"embeddable":true,"href":"https:\/\/sertv.gob.pa\/nacionalfm\/wp-json\/wp\/v2\/users\/1"}],"replies":[{"embeddable":true,"href":"https:\/\/sertv.gob.pa\/nacionalfm\/wp-json\/wp\/v2\/comments?post=14681"}],"version-history":[{"count":0,"href":"https:\/\/sertv.gob.pa\/nacionalfm\/wp-json\/wp\/v2\/posts\/14681\/revisions"}],"wp:featuredmedia":[{"embeddable":true,"href":"https:\/\/sertv.gob.pa\/nacionalfm\/wp-json\/wp\/v2\/media\/14682"}],"wp:attachment":[{"href":"https:\/\/sertv.gob.pa\/nacionalfm\/wp-json\/wp\/v2\/media?parent=14681"}],"wp:term":[{"taxonomy":"category","embeddable":true,"href":"https:\/\/sertv.gob.pa\/nacionalfm\/wp-json\/wp\/v2\/categories?post=14681"},{"taxonomy":"post_tag","embeddable":true,"href":"https:\/\/sertv.gob.pa\/nacionalfm\/wp-json\/wp\/v2\/tags?post=14681"}],"curies":[{"name":"wp","href":"https:\/\/api.w.org\/{rel}","templated":true}]}}