{"id":14693,"date":"2016-08-05T19:22:46","date_gmt":"2016-08-05T19:22:46","guid":{"rendered":""},"modified":"2016-08-05T19:22:46","modified_gmt":"2016-08-05T19:22:46","slug":"en-francia-enfermos-terminales-podran-ser-sedados","status":"publish","type":"post","link":"https:\/\/sertv.gob.pa\/nacionalfm\/en-francia-enfermos-terminales-podran-ser-sedados\/","title":{"rendered":"En Francia enfermos terminales podr\u00e1n ser sedados"},"content":{"rendered":"<p>\nUna nueva normativa en Francia para los enfermos en situaci\u00f3n terminal, que permite la sedaci\u00f3n profunda y continua para evitar el sufrimiento, pero no contempla la ayuda activa para morir mediante la eutanasia o el suicidio asistido, entr\u00f3 hoy en vigor en Francia. <\/p>\n<p>Entre los textos firmados por la ministra de Sanidad, Marisol Touraine, y publicados hoy por el Bolet\u00edn Oficial se incluye el que consagra el derecho del paciente a solicitar \u00abuna sedaci\u00f3n profunda y continua hasta la muerte en ciertas condiciones\u00bb. <\/p>\n<p>Los facultativos le retirar\u00e1n los f\u00e1rmacos que lo mantienen vivo artificialmente, mientras le seguir\u00e1n administrando analg\u00e9sicos para evitar que sienta dolor hasta que muera. <\/p>\n<p>Un primer decreto precisa las condiciones en las que puede decidirse el final del tratamiento y la puesta en marcha de la sedaci\u00f3n, conforme a lo establecido el pasado febrero, mientras que el segundo fija los criterios de validez de las directivas decididas con antelaci\u00f3n por la persona afectada. <\/p>\n<p>El doctor tiene la posibilidad de no tener en cuenta la voluntad del paciente si la considera inapropiada o no conforme a su situaci\u00f3n, pero el equipo m\u00e9dico y al menos otro facultativo deben validar su dictamen. <\/p>\n<p>\u00a0 <\/p>\n","protected":false},"excerpt":{"rendered":"<p>Una nueva normativa en Francia para los enfermos en situaci\u00f3n <a href=\"https:\/\/sertv.gob.pa\/nacionalfm\/en-francia-enfermos-terminales-podran-ser-sedados\/\"> [&#8230;]<\/a><\/p>\n","protected":false},"author":1,"featured_media":14694,"comment_status":"closed","ping_status":"closed","sticky":false,"template":"","format":"standard","meta":{"footnotes":""},"categories":[5],"tags":[],"class_list":["post-14693","post","type-post","status-publish","format-standard","has-post-thumbnail","hentry","category-salud"],"_links":{"self":[{"href":"https:\/\/sertv.gob.pa\/nacionalfm\/wp-json\/wp\/v2\/posts\/14693","targetHints":{"allow":["GET"]}}],"collection":[{"href":"https:\/\/sertv.gob.pa\/nacionalfm\/wp-json\/wp\/v2\/posts"}],"about":[{"href":"https:\/\/sertv.gob.pa\/nacionalfm\/wp-json\/wp\/v2\/types\/post"}],"author":[{"embeddable":true,"href":"https:\/\/sertv.gob.pa\/nacionalfm\/wp-json\/wp\/v2\/users\/1"}],"replies":[{"embeddable":true,"href":"https:\/\/sertv.gob.pa\/nacionalfm\/wp-json\/wp\/v2\/comments?post=14693"}],"version-history":[{"count":0,"href":"https:\/\/sertv.gob.pa\/nacionalfm\/wp-json\/wp\/v2\/posts\/14693\/revisions"}],"wp:featuredmedia":[{"embeddable":true,"href":"https:\/\/sertv.gob.pa\/nacionalfm\/wp-json\/wp\/v2\/media\/14694"}],"wp:attachment":[{"href":"https:\/\/sertv.gob.pa\/nacionalfm\/wp-json\/wp\/v2\/media?parent=14693"}],"wp:term":[{"taxonomy":"category","embeddable":true,"href":"https:\/\/sertv.gob.pa\/nacionalfm\/wp-json\/wp\/v2\/categories?post=14693"},{"taxonomy":"post_tag","embeddable":true,"href":"https:\/\/sertv.gob.pa\/nacionalfm\/wp-json\/wp\/v2\/tags?post=14693"}],"curies":[{"name":"wp","href":"https:\/\/api.w.org\/{rel}","templated":true}]}}