{"id":14695,"date":"2016-08-05T20:48:24","date_gmt":"2016-08-05T20:48:24","guid":{"rendered":""},"modified":"2016-08-05T20:48:24","modified_gmt":"2016-08-05T20:48:24","slug":"manana-aguilas-y-halcones-en-choque-de-invictos-en-la-lpf","status":"publish","type":"post","link":"https:\/\/sertv.gob.pa\/nacionalfm\/manana-aguilas-y-halcones-en-choque-de-invictos-en-la-lpf\/","title":{"rendered":"Ma\u00f1ana \u00c1guilas y Halcones en choque de invictos en la LPF"},"content":{"rendered":"<p>\nMa\u00f1ana s\u00e1bado 6 de agosto en la Liga Profesional de Baloncesto se enfrentan en choque de invictos Las \u00c1guilas de R\u00edo Abajo y Los Halcones de Calle P, en la Arena Roberto Dur\u00e1n . <\/p>\n<p>El duelo de \u00c1guilas y Halcones ser\u00e1 el segundo de la doble tanda sabatina (aproximadamente a las 9:00 p.m.), ya que la\u00a0 jornada arrancar\u00e1 con el partido de los Toros de Chiriqu\u00ed ante las Panteras de Parque Lefevre, a las 7:00 p.m. <\/p>\n<p>La batalla entre los de R\u00edo Abajo y Calle P enfrentar\u00e1 a dos de los l\u00edderes anotadores del torneo: Josimar Ayarza y\u00a0 Ernesto Oglivie, de las \u00c1guilas y Halcones, respectivamente. Ambos canasteros sumaron 22 puntos en el debut de sus quintetos, al igual que Michael Hicks, de los Toros. <\/p>\n<p>\u00a0 <\/p>\n","protected":false},"excerpt":{"rendered":"<p>Ma\u00f1ana s\u00e1bado 6 de agosto en la Liga Profesional de <a href=\"https:\/\/sertv.gob.pa\/nacionalfm\/manana-aguilas-y-halcones-en-choque-de-invictos-en-la-lpf\/\"> [&#8230;]<\/a><\/p>\n","protected":false},"author":1,"featured_media":14696,"comment_status":"closed","ping_status":"closed","sticky":false,"template":"","format":"standard","meta":{"footnotes":""},"categories":[4],"tags":[],"class_list":["post-14695","post","type-post","status-publish","format-standard","has-post-thumbnail","hentry","category-deportes"],"_links":{"self":[{"href":"https:\/\/sertv.gob.pa\/nacionalfm\/wp-json\/wp\/v2\/posts\/14695","targetHints":{"allow":["GET"]}}],"collection":[{"href":"https:\/\/sertv.gob.pa\/nacionalfm\/wp-json\/wp\/v2\/posts"}],"about":[{"href":"https:\/\/sertv.gob.pa\/nacionalfm\/wp-json\/wp\/v2\/types\/post"}],"author":[{"embeddable":true,"href":"https:\/\/sertv.gob.pa\/nacionalfm\/wp-json\/wp\/v2\/users\/1"}],"replies":[{"embeddable":true,"href":"https:\/\/sertv.gob.pa\/nacionalfm\/wp-json\/wp\/v2\/comments?post=14695"}],"version-history":[{"count":0,"href":"https:\/\/sertv.gob.pa\/nacionalfm\/wp-json\/wp\/v2\/posts\/14695\/revisions"}],"wp:featuredmedia":[{"embeddable":true,"href":"https:\/\/sertv.gob.pa\/nacionalfm\/wp-json\/wp\/v2\/media\/14696"}],"wp:attachment":[{"href":"https:\/\/sertv.gob.pa\/nacionalfm\/wp-json\/wp\/v2\/media?parent=14695"}],"wp:term":[{"taxonomy":"category","embeddable":true,"href":"https:\/\/sertv.gob.pa\/nacionalfm\/wp-json\/wp\/v2\/categories?post=14695"},{"taxonomy":"post_tag","embeddable":true,"href":"https:\/\/sertv.gob.pa\/nacionalfm\/wp-json\/wp\/v2\/tags?post=14695"}],"curies":[{"name":"wp","href":"https:\/\/api.w.org\/{rel}","templated":true}]}}