{"id":14697,"date":"2016-08-05T21:16:42","date_gmt":"2016-08-05T21:16:42","guid":{"rendered":""},"modified":"2016-08-05T21:16:42","modified_gmt":"2016-08-05T21:16:42","slug":"los-toros-de-chiriqui-se-mide-a-las-panteras-en-la-lpf","status":"publish","type":"post","link":"https:\/\/sertv.gob.pa\/nacionalfm\/los-toros-de-chiriqui-se-mide-a-las-panteras-en-la-lpf\/","title":{"rendered":"Los Toros de Chiriqu\u00ed se mide a Las Panteras en la LPF"},"content":{"rendered":"<p>\n A primera hora en la Liga Paname\u00f1a de F\u00fatbol del s\u00e1bado 6 de agosto, Chiriqu\u00ed defender\u00e1 su invicto ante las Panteras, luego de haber vencido a Los Correcaminos de Col\u00f3n.  <\/p>\n<p> Los Toros son los actuales subcampeones de la primera edici\u00f3n de la LPB, mientras que las Panteras terminaron en la cuarta posici\u00f3n, pero tienen una de las plantillas m\u00e1s j\u00f3venes y prometedoras de la liga.    <\/p>\n<p> Para el d\u00eda domingo se cierra la segunda semana de juegos de la LPB 2016, en la Arena Roberto Dur\u00e1n, con el encuentro entre los Caballos de Cocl\u00e9 y los campeones defensores, Correcaminos de Col\u00f3n.    <\/p>\n<p> En la primera semana, los Caballos perdieron por el marcador m\u00e1s abultado ante los Halcones, 68 por 53, mientras que los Correcaminos cayeron ante los Toros, 59 por 56.    <\/p>\n","protected":false},"excerpt":{"rendered":"<p>A primera hora en la Liga Paname\u00f1a de F\u00fatbol del <a href=\"https:\/\/sertv.gob.pa\/nacionalfm\/los-toros-de-chiriqui-se-mide-a-las-panteras-en-la-lpf\/\"> [&#8230;]<\/a><\/p>\n","protected":false},"author":1,"featured_media":14698,"comment_status":"closed","ping_status":"closed","sticky":false,"template":"","format":"standard","meta":{"footnotes":""},"categories":[4],"tags":[],"class_list":["post-14697","post","type-post","status-publish","format-standard","has-post-thumbnail","hentry","category-deportes"],"_links":{"self":[{"href":"https:\/\/sertv.gob.pa\/nacionalfm\/wp-json\/wp\/v2\/posts\/14697","targetHints":{"allow":["GET"]}}],"collection":[{"href":"https:\/\/sertv.gob.pa\/nacionalfm\/wp-json\/wp\/v2\/posts"}],"about":[{"href":"https:\/\/sertv.gob.pa\/nacionalfm\/wp-json\/wp\/v2\/types\/post"}],"author":[{"embeddable":true,"href":"https:\/\/sertv.gob.pa\/nacionalfm\/wp-json\/wp\/v2\/users\/1"}],"replies":[{"embeddable":true,"href":"https:\/\/sertv.gob.pa\/nacionalfm\/wp-json\/wp\/v2\/comments?post=14697"}],"version-history":[{"count":0,"href":"https:\/\/sertv.gob.pa\/nacionalfm\/wp-json\/wp\/v2\/posts\/14697\/revisions"}],"wp:featuredmedia":[{"embeddable":true,"href":"https:\/\/sertv.gob.pa\/nacionalfm\/wp-json\/wp\/v2\/media\/14698"}],"wp:attachment":[{"href":"https:\/\/sertv.gob.pa\/nacionalfm\/wp-json\/wp\/v2\/media?parent=14697"}],"wp:term":[{"taxonomy":"category","embeddable":true,"href":"https:\/\/sertv.gob.pa\/nacionalfm\/wp-json\/wp\/v2\/categories?post=14697"},{"taxonomy":"post_tag","embeddable":true,"href":"https:\/\/sertv.gob.pa\/nacionalfm\/wp-json\/wp\/v2\/tags?post=14697"}],"curies":[{"name":"wp","href":"https:\/\/api.w.org\/{rel}","templated":true}]}}