{"id":14699,"date":"2016-08-05T21:46:08","date_gmt":"2016-08-05T21:46:08","guid":{"rendered":""},"modified":"2016-08-05T21:46:08","modified_gmt":"2016-08-05T21:46:08","slug":"panama-pierde-en-futbol-playa-ante-el-salvador","status":"publish","type":"post","link":"https:\/\/sertv.gob.pa\/nacionalfm\/panama-pierde-en-futbol-playa-ante-el-salvador\/","title":{"rendered":"Panam\u00e1 pierde en F\u00fatbol Playa ante El Salvador"},"content":{"rendered":"<p>\nEn su debut de la segunda edici\u00f3n de la Copa Centroamericana de F\u00fatbol Playa, Panam\u00e1 cay\u00f3 por marcador de 11-7 ante su similar de Salvador. <\/p>\n<p>Los goles de Panam\u00e1 ante El Salvador fueron obra de Al\u00ed Del Cid, Albertro Bultr\u00f3n, Luis Quintero, Ricardo Obreg\u00f3n, Julio Watson, Eduardo Herrera y Gilberto Rangel. <\/p>\n<p>\u00a0 <\/p>\n","protected":false},"excerpt":{"rendered":"<p>En su debut de la segunda edici\u00f3n de la Copa <a href=\"https:\/\/sertv.gob.pa\/nacionalfm\/panama-pierde-en-futbol-playa-ante-el-salvador\/\"> [&#8230;]<\/a><\/p>\n","protected":false},"author":1,"featured_media":14700,"comment_status":"closed","ping_status":"closed","sticky":false,"template":"","format":"standard","meta":{"footnotes":""},"categories":[4],"tags":[],"class_list":["post-14699","post","type-post","status-publish","format-standard","has-post-thumbnail","hentry","category-deportes"],"_links":{"self":[{"href":"https:\/\/sertv.gob.pa\/nacionalfm\/wp-json\/wp\/v2\/posts\/14699","targetHints":{"allow":["GET"]}}],"collection":[{"href":"https:\/\/sertv.gob.pa\/nacionalfm\/wp-json\/wp\/v2\/posts"}],"about":[{"href":"https:\/\/sertv.gob.pa\/nacionalfm\/wp-json\/wp\/v2\/types\/post"}],"author":[{"embeddable":true,"href":"https:\/\/sertv.gob.pa\/nacionalfm\/wp-json\/wp\/v2\/users\/1"}],"replies":[{"embeddable":true,"href":"https:\/\/sertv.gob.pa\/nacionalfm\/wp-json\/wp\/v2\/comments?post=14699"}],"version-history":[{"count":0,"href":"https:\/\/sertv.gob.pa\/nacionalfm\/wp-json\/wp\/v2\/posts\/14699\/revisions"}],"wp:featuredmedia":[{"embeddable":true,"href":"https:\/\/sertv.gob.pa\/nacionalfm\/wp-json\/wp\/v2\/media\/14700"}],"wp:attachment":[{"href":"https:\/\/sertv.gob.pa\/nacionalfm\/wp-json\/wp\/v2\/media?parent=14699"}],"wp:term":[{"taxonomy":"category","embeddable":true,"href":"https:\/\/sertv.gob.pa\/nacionalfm\/wp-json\/wp\/v2\/categories?post=14699"},{"taxonomy":"post_tag","embeddable":true,"href":"https:\/\/sertv.gob.pa\/nacionalfm\/wp-json\/wp\/v2\/tags?post=14699"}],"curies":[{"name":"wp","href":"https:\/\/api.w.org\/{rel}","templated":true}]}}