{"id":14701,"date":"2016-08-05T21:58:10","date_gmt":"2016-08-05T21:58:10","guid":{"rendered":""},"modified":"2016-08-05T21:58:10","modified_gmt":"2016-08-05T21:58:10","slug":"macarron-miranda-intensifica-preparacion-para-fernando-martinez","status":"publish","type":"post","link":"https:\/\/sertv.gob.pa\/nacionalfm\/macarron-miranda-intensifica-preparacion-para-fernando-martinez\/","title":{"rendered":"\u201cMacarr\u00f3n\u201d Miranda intensifica preparaci\u00f3n para Fernando Mart\u00ednez"},"content":{"rendered":"<p>\nDaniel &ldquo;Macarr\u00f3n&rdquo; Miranda con r\u00e9cord de 7 victorias, 2 derrotas y 5 definidas por la v\u00eda r\u00e1pida, intensifica su preparaci\u00f3n, con miras a su encuentro del pr\u00f3ximo 16 de agosto en el Centro de Convenciones Vasco N\u00fa\u00f1ez de Balboa en el Hotel Panam\u00e1, ante el novato del a\u00f1o 2015, Fernando &ldquo;La Pantera&rdquo; D\u00edaz de 5 victorias, 1 derrota y 2 ganadas por antes del l\u00edmite. <\/p>\n<p>\u00a0&ldquo;Se que contra &ldquo;Pantera&rdquo;\u00a0ser\u00e1 muy buena pelea\u00a0debido\u00a0al estilo de pelea de \u00e9l y\u00a0la\u00a0fortaleza que tiene. Estamos tranquilos porque\u00a0conf\u00edo\u00a0en mi\u00a0preparaci\u00f3n\u00a0y\u00a0en mi equipo de trabajo. Me siento en\u00a0excelentes\u00a0condiciones, ya estoy a 4 libras del peso y el trabajo de sparring con mis compa\u00f1eros de cuadra Bryan De Gracia y otros boxeadores aficionados es muy bueno&rdquo;, coment\u00f3 Daniel Miranda. <\/p>\n<p>El pleito Miranda-Mart\u00ednez, se perfila como una\u00a0explosi\u00f3n\u00a0de poder, donde los conocedores de la materia dan por seguro que el pleito no llegara al l\u00edmite y que el primero que logre conectar con un golpe s\u00f3lido a su rival\u00a0saldr\u00e1 con los brazos en alto. <\/p>\n","protected":false},"excerpt":{"rendered":"<p>Daniel &ldquo;Macarr\u00f3n&rdquo; Miranda con r\u00e9cord de 7 victorias, 2 derrotas <a href=\"https:\/\/sertv.gob.pa\/nacionalfm\/macarron-miranda-intensifica-preparacion-para-fernando-martinez\/\"> [&#8230;]<\/a><\/p>\n","protected":false},"author":1,"featured_media":14702,"comment_status":"closed","ping_status":"closed","sticky":false,"template":"","format":"standard","meta":{"footnotes":""},"categories":[4],"tags":[],"class_list":["post-14701","post","type-post","status-publish","format-standard","has-post-thumbnail","hentry","category-deportes"],"_links":{"self":[{"href":"https:\/\/sertv.gob.pa\/nacionalfm\/wp-json\/wp\/v2\/posts\/14701","targetHints":{"allow":["GET"]}}],"collection":[{"href":"https:\/\/sertv.gob.pa\/nacionalfm\/wp-json\/wp\/v2\/posts"}],"about":[{"href":"https:\/\/sertv.gob.pa\/nacionalfm\/wp-json\/wp\/v2\/types\/post"}],"author":[{"embeddable":true,"href":"https:\/\/sertv.gob.pa\/nacionalfm\/wp-json\/wp\/v2\/users\/1"}],"replies":[{"embeddable":true,"href":"https:\/\/sertv.gob.pa\/nacionalfm\/wp-json\/wp\/v2\/comments?post=14701"}],"version-history":[{"count":0,"href":"https:\/\/sertv.gob.pa\/nacionalfm\/wp-json\/wp\/v2\/posts\/14701\/revisions"}],"wp:featuredmedia":[{"embeddable":true,"href":"https:\/\/sertv.gob.pa\/nacionalfm\/wp-json\/wp\/v2\/media\/14702"}],"wp:attachment":[{"href":"https:\/\/sertv.gob.pa\/nacionalfm\/wp-json\/wp\/v2\/media?parent=14701"}],"wp:term":[{"taxonomy":"category","embeddable":true,"href":"https:\/\/sertv.gob.pa\/nacionalfm\/wp-json\/wp\/v2\/categories?post=14701"},{"taxonomy":"post_tag","embeddable":true,"href":"https:\/\/sertv.gob.pa\/nacionalfm\/wp-json\/wp\/v2\/tags?post=14701"}],"curies":[{"name":"wp","href":"https:\/\/api.w.org\/{rel}","templated":true}]}}