{"id":14703,"date":"2016-08-05T22:12:53","date_gmt":"2016-08-05T22:12:53","guid":{"rendered":""},"modified":"2016-08-05T22:12:53","modified_gmt":"2016-08-05T22:12:53","slug":"enrique-grenald-da-a-conocer-seleccion-u15-de-baloncesto","status":"publish","type":"post","link":"https:\/\/sertv.gob.pa\/nacionalfm\/enrique-grenald-da-a-conocer-seleccion-u15-de-baloncesto\/","title":{"rendered":"Enrique Grenald da a conocer Selecci\u00f3n U15 de baloncesto"},"content":{"rendered":"<p>\n El director t\u00e9cnico de la Selecci\u00f3n U15 de Panam\u00e1 dio a conocer a los doce jugadores que nos representar\u00e1n en el &ldquo;Campeonato CENTROBASKET U15 Masculino 2016&rdquo; que se realizar\u00e1 en Patillas, Puerto Rico.  <\/p>\n<p> La delegaci\u00f3n es la siguiente; Javier Dom\u00ednguez, Alexis Aldemar Murillo, Jes\u00fas Antonio Sanjur Melais, Eric Mu\u00f1oz Sing, Brian Alexis Anderson, Edward Steven Lopez, David Fizgerlad, gillermo Navarro, Anthony Molinar, V\u00edctor Ra\u00fal \u00c1lvarez Anderson, Jhomar Aimar Garibaldi y Carlos Franshesko Controni.  <\/p>\n<p> El cuerpo t\u00e9cnico est\u00e1 compuesto por Enrique Grenald, director, Nicanor \u00c1lvarez y Antonio &ldquo;To\u00f1ito&rdquo; Garc\u00eda asistentes, Abraham Abouganem Romero, fisioterapeuta y Luis Mendoza como prensa.  <\/p>\n<p> Panam\u00e1 visitar\u00e1 la Isla del Encanto del 24 al 28 de agosto para participar en dicho torneo.  <\/p>\n<p> \u00a0  <\/p>\n","protected":false},"excerpt":{"rendered":"<p>El director t\u00e9cnico de la Selecci\u00f3n U15 de Panam\u00e1 dio <a href=\"https:\/\/sertv.gob.pa\/nacionalfm\/enrique-grenald-da-a-conocer-seleccion-u15-de-baloncesto\/\"> [&#8230;]<\/a><\/p>\n","protected":false},"author":1,"featured_media":14704,"comment_status":"closed","ping_status":"closed","sticky":false,"template":"","format":"standard","meta":{"footnotes":""},"categories":[4],"tags":[],"class_list":["post-14703","post","type-post","status-publish","format-standard","has-post-thumbnail","hentry","category-deportes"],"_links":{"self":[{"href":"https:\/\/sertv.gob.pa\/nacionalfm\/wp-json\/wp\/v2\/posts\/14703","targetHints":{"allow":["GET"]}}],"collection":[{"href":"https:\/\/sertv.gob.pa\/nacionalfm\/wp-json\/wp\/v2\/posts"}],"about":[{"href":"https:\/\/sertv.gob.pa\/nacionalfm\/wp-json\/wp\/v2\/types\/post"}],"author":[{"embeddable":true,"href":"https:\/\/sertv.gob.pa\/nacionalfm\/wp-json\/wp\/v2\/users\/1"}],"replies":[{"embeddable":true,"href":"https:\/\/sertv.gob.pa\/nacionalfm\/wp-json\/wp\/v2\/comments?post=14703"}],"version-history":[{"count":0,"href":"https:\/\/sertv.gob.pa\/nacionalfm\/wp-json\/wp\/v2\/posts\/14703\/revisions"}],"wp:featuredmedia":[{"embeddable":true,"href":"https:\/\/sertv.gob.pa\/nacionalfm\/wp-json\/wp\/v2\/media\/14704"}],"wp:attachment":[{"href":"https:\/\/sertv.gob.pa\/nacionalfm\/wp-json\/wp\/v2\/media?parent=14703"}],"wp:term":[{"taxonomy":"category","embeddable":true,"href":"https:\/\/sertv.gob.pa\/nacionalfm\/wp-json\/wp\/v2\/categories?post=14703"},{"taxonomy":"post_tag","embeddable":true,"href":"https:\/\/sertv.gob.pa\/nacionalfm\/wp-json\/wp\/v2\/tags?post=14703"}],"curies":[{"name":"wp","href":"https:\/\/api.w.org\/{rel}","templated":true}]}}