{"id":14705,"date":"2016-08-05T22:50:49","date_gmt":"2016-08-05T22:50:49","guid":{"rendered":""},"modified":"2016-08-05T22:50:49","modified_gmt":"2016-08-05T22:50:49","slug":"el-13-de-agosto-inicia-liga-futsal-xtreme-copa-alcaldia-de-panama","status":"publish","type":"post","link":"https:\/\/sertv.gob.pa\/nacionalfm\/el-13-de-agosto-inicia-liga-futsal-xtreme-copa-alcaldia-de-panama\/","title":{"rendered":"El 13 de agosto inicia Liga FUTSAL Xtreme Copa Alcald\u00eda de Panam\u00e1"},"content":{"rendered":"<p>\nEl pr\u00f3ximo 13 de agosto se inicia con 40 equipos la Liga de FUTSAL Xtreme, con cientos de j\u00f3venes de los barrios y m\u00e1s de 700 jugadores en edades de 18 a 35 a\u00f1os. <\/p>\n<p>En el evento se disputar\u00e1 la Copa Alcald\u00eda de Panam\u00e1, importante patrocinador y aliado al desarrollo del deporte del distrito capital y se presnt\u00f3 los nuevos uniformes de los equipos que participar\u00e1n en el torneo. <\/p>\n<p>En su participaci\u00f3n el alcalde \u00a0Jos\u00e9 Bland\u00f3n Figueroa \u00a0se\u00f1al\u00f3 \u00a0su inter\u00e9s de construir, en un futuro cercano y con el apoyo de la empresa privada, un moderno \u00a0estadio exclusivo para el desarrollo de las competiciones de futsal en la ciudad capital. <\/p>\n<p>El torneo \u00a0se jugar\u00e1 durante dos meses \u00a0en el Gimnasio Yuyin Luzcando, ubicado \u00a0en el corregimiento de Betania, \u00a0con m\u00e1s de 15 mil balboas en premios.\u00a0 <\/p>\n<p>\u00a0 <\/p>\n","protected":false},"excerpt":{"rendered":"<p>El pr\u00f3ximo 13 de agosto se inicia con 40 equipos <a href=\"https:\/\/sertv.gob.pa\/nacionalfm\/el-13-de-agosto-inicia-liga-futsal-xtreme-copa-alcaldia-de-panama\/\"> [&#8230;]<\/a><\/p>\n","protected":false},"author":1,"featured_media":14706,"comment_status":"closed","ping_status":"closed","sticky":false,"template":"","format":"standard","meta":{"footnotes":""},"categories":[4],"tags":[],"class_list":["post-14705","post","type-post","status-publish","format-standard","has-post-thumbnail","hentry","category-deportes"],"_links":{"self":[{"href":"https:\/\/sertv.gob.pa\/nacionalfm\/wp-json\/wp\/v2\/posts\/14705","targetHints":{"allow":["GET"]}}],"collection":[{"href":"https:\/\/sertv.gob.pa\/nacionalfm\/wp-json\/wp\/v2\/posts"}],"about":[{"href":"https:\/\/sertv.gob.pa\/nacionalfm\/wp-json\/wp\/v2\/types\/post"}],"author":[{"embeddable":true,"href":"https:\/\/sertv.gob.pa\/nacionalfm\/wp-json\/wp\/v2\/users\/1"}],"replies":[{"embeddable":true,"href":"https:\/\/sertv.gob.pa\/nacionalfm\/wp-json\/wp\/v2\/comments?post=14705"}],"version-history":[{"count":0,"href":"https:\/\/sertv.gob.pa\/nacionalfm\/wp-json\/wp\/v2\/posts\/14705\/revisions"}],"wp:featuredmedia":[{"embeddable":true,"href":"https:\/\/sertv.gob.pa\/nacionalfm\/wp-json\/wp\/v2\/media\/14706"}],"wp:attachment":[{"href":"https:\/\/sertv.gob.pa\/nacionalfm\/wp-json\/wp\/v2\/media?parent=14705"}],"wp:term":[{"taxonomy":"category","embeddable":true,"href":"https:\/\/sertv.gob.pa\/nacionalfm\/wp-json\/wp\/v2\/categories?post=14705"},{"taxonomy":"post_tag","embeddable":true,"href":"https:\/\/sertv.gob.pa\/nacionalfm\/wp-json\/wp\/v2\/tags?post=14705"}],"curies":[{"name":"wp","href":"https:\/\/api.w.org\/{rel}","templated":true}]}}