{"id":14713,"date":"2016-08-08T12:35:42","date_gmt":"2016-08-08T12:35:42","guid":{"rendered":""},"modified":"2016-08-08T12:35:42","modified_gmt":"2016-08-08T12:35:42","slug":"atheyna-bylon-se-mide-en-pelea-de-revancha-a-andreia-bandeira","status":"publish","type":"post","link":"https:\/\/sertv.gob.pa\/nacionalfm\/atheyna-bylon-se-mide-en-pelea-de-revancha-a-andreia-bandeira\/","title":{"rendered":"Atheyna Bylon se mide en  pelea de revancha a Andreia Bandeira"},"content":{"rendered":"<p>\n El pr\u00f3ximo domingo 14 de agosto la campeona mundial de boxeo femenino, la paname\u00f1a Atheyna Bylon se mide por tercera ocasi\u00f3n a la brasile\u00f1a Andreia Bandeira en 75 kilogramos, en los Juegos Ol\u00edmpicos de R\u00edo de Janeiro, Brasil, 2016.  <\/p>\n<p> El\u00a0 14\u00a0 de agosto, en la competencia de boxeo femenino en los Juegos Ol\u00edmpicos de Rio,\u00a0 Atheyna Bylon\u00a0\u00a0 combatir\u00e1 con la brasile\u00f1a Andreia Bandeira\u00a0 en la categor\u00eda de 69-75 kgs.   <\/p>\n<p> Son\u00a0 12\u00a0 competidoras en esta categor\u00eda, por lo que un triunfo coloca a la paname\u00f1a en\u00a0 cuartos de final. El entrenador\u00a0\u00a0\u00a0 de la paname\u00f1a el italiano\u00a0 Fracasso se\u00f1ala que\u00a0\u00a0\u00a0\u00a0\u00a0\u00a0 en este \u00faltimo tramo\u00a0 de entrenamiento se busca velocidad y precisi\u00f3n. Sobre el peso\u00a0\u00a0\u00a0\u00a0 asegura que estar\u00e1 entre\u00a0 lo reglamentado de forma c\u00f3moda   <\/p>\n<p> Estas boxeadoras se conocen.\u00a0 Bylon perdi\u00f3 ante la brasile\u00f1a\u00a0 Bandeira\u00a0 en el Mundial Femenino de Boxeo Aficionado en Ksajistan. Bylon gan\u00f3 los dos primeros asaltos 10-9, 10-9 y 10-9, mientras que Bandeira gan\u00f3 los dos \u00faltimos 9-10, 9-10 y 9-10.   <\/p>\n<p> En las tarjetas ambas boxeadoras terminaron con puntuaci\u00f3n 38-38 y el criterio de desempate qued\u00f3 en mano de los jueces quienes determinaron que la brasile\u00f1a Bandeira fue la vencedora.\u00a0  <\/p>\n","protected":false},"excerpt":{"rendered":"<p>El pr\u00f3ximo domingo 14 de agosto la campeona mundial de <a href=\"https:\/\/sertv.gob.pa\/nacionalfm\/atheyna-bylon-se-mide-en-pelea-de-revancha-a-andreia-bandeira\/\"> [&#8230;]<\/a><\/p>\n","protected":false},"author":1,"featured_media":14714,"comment_status":"closed","ping_status":"closed","sticky":false,"template":"","format":"standard","meta":{"footnotes":""},"categories":[4],"tags":[],"class_list":["post-14713","post","type-post","status-publish","format-standard","has-post-thumbnail","hentry","category-deportes"],"_links":{"self":[{"href":"https:\/\/sertv.gob.pa\/nacionalfm\/wp-json\/wp\/v2\/posts\/14713","targetHints":{"allow":["GET"]}}],"collection":[{"href":"https:\/\/sertv.gob.pa\/nacionalfm\/wp-json\/wp\/v2\/posts"}],"about":[{"href":"https:\/\/sertv.gob.pa\/nacionalfm\/wp-json\/wp\/v2\/types\/post"}],"author":[{"embeddable":true,"href":"https:\/\/sertv.gob.pa\/nacionalfm\/wp-json\/wp\/v2\/users\/1"}],"replies":[{"embeddable":true,"href":"https:\/\/sertv.gob.pa\/nacionalfm\/wp-json\/wp\/v2\/comments?post=14713"}],"version-history":[{"count":0,"href":"https:\/\/sertv.gob.pa\/nacionalfm\/wp-json\/wp\/v2\/posts\/14713\/revisions"}],"wp:featuredmedia":[{"embeddable":true,"href":"https:\/\/sertv.gob.pa\/nacionalfm\/wp-json\/wp\/v2\/media\/14714"}],"wp:attachment":[{"href":"https:\/\/sertv.gob.pa\/nacionalfm\/wp-json\/wp\/v2\/media?parent=14713"}],"wp:term":[{"taxonomy":"category","embeddable":true,"href":"https:\/\/sertv.gob.pa\/nacionalfm\/wp-json\/wp\/v2\/categories?post=14713"},{"taxonomy":"post_tag","embeddable":true,"href":"https:\/\/sertv.gob.pa\/nacionalfm\/wp-json\/wp\/v2\/tags?post=14713"}],"curies":[{"name":"wp","href":"https:\/\/api.w.org\/{rel}","templated":true}]}}