{"id":14723,"date":"2016-08-08T13:58:21","date_gmt":"2016-08-08T13:58:21","guid":{"rendered":""},"modified":"2016-08-08T13:58:21","modified_gmt":"2016-08-08T13:58:21","slug":"panama-obtiene-bronce-en-futbol-playa-en-centroamericano","status":"publish","type":"post","link":"https:\/\/sertv.gob.pa\/nacionalfm\/panama-obtiene-bronce-en-futbol-playa-en-centroamericano\/","title":{"rendered":"Panam\u00e1 obtiene bronce en F\u00fatbol Playa en Centroamericano"},"content":{"rendered":"<p>\nLa Selecci\u00f3n Nacional de F\u00fatbol Playa obtuvo la medalla de bronce en la segunda versi\u00f3n de la Copa Centroamericana de F\u00fatbol Playa que se jug\u00f3 la semana pasada en El Salvador.\u00a0 <\/p>\n<p>El representativo nacional venci\u00f3 4-3 a su similar de Guatemala en el tercer d\u00eda de acciones. <\/p>\n<p>Anteriormente Panam\u00e1 hab\u00eda ca\u00eddo ante El Salvador por marcador de 11-7 y frente a Costa Rica con tanteador de 12-8. <\/p>\n<p>Los goles de Panam\u00e1 fueron obra de Ricardo Obreg\u00f3n (dos),\u00a0Alberto Bultr\u00f3n y Luis Valencia. <\/p>\n<p>\u00a0 <\/p>\n","protected":false},"excerpt":{"rendered":"<p>La Selecci\u00f3n Nacional de F\u00fatbol Playa obtuvo la medalla de <a href=\"https:\/\/sertv.gob.pa\/nacionalfm\/panama-obtiene-bronce-en-futbol-playa-en-centroamericano\/\"> [&#8230;]<\/a><\/p>\n","protected":false},"author":1,"featured_media":14724,"comment_status":"closed","ping_status":"closed","sticky":false,"template":"","format":"standard","meta":{"footnotes":""},"categories":[4],"tags":[],"class_list":["post-14723","post","type-post","status-publish","format-standard","has-post-thumbnail","hentry","category-deportes"],"_links":{"self":[{"href":"https:\/\/sertv.gob.pa\/nacionalfm\/wp-json\/wp\/v2\/posts\/14723","targetHints":{"allow":["GET"]}}],"collection":[{"href":"https:\/\/sertv.gob.pa\/nacionalfm\/wp-json\/wp\/v2\/posts"}],"about":[{"href":"https:\/\/sertv.gob.pa\/nacionalfm\/wp-json\/wp\/v2\/types\/post"}],"author":[{"embeddable":true,"href":"https:\/\/sertv.gob.pa\/nacionalfm\/wp-json\/wp\/v2\/users\/1"}],"replies":[{"embeddable":true,"href":"https:\/\/sertv.gob.pa\/nacionalfm\/wp-json\/wp\/v2\/comments?post=14723"}],"version-history":[{"count":0,"href":"https:\/\/sertv.gob.pa\/nacionalfm\/wp-json\/wp\/v2\/posts\/14723\/revisions"}],"wp:featuredmedia":[{"embeddable":true,"href":"https:\/\/sertv.gob.pa\/nacionalfm\/wp-json\/wp\/v2\/media\/14724"}],"wp:attachment":[{"href":"https:\/\/sertv.gob.pa\/nacionalfm\/wp-json\/wp\/v2\/media?parent=14723"}],"wp:term":[{"taxonomy":"category","embeddable":true,"href":"https:\/\/sertv.gob.pa\/nacionalfm\/wp-json\/wp\/v2\/categories?post=14723"},{"taxonomy":"post_tag","embeddable":true,"href":"https:\/\/sertv.gob.pa\/nacionalfm\/wp-json\/wp\/v2\/tags?post=14723"}],"curies":[{"name":"wp","href":"https:\/\/api.w.org\/{rel}","templated":true}]}}