{"id":14727,"date":"2016-08-08T14:11:47","date_gmt":"2016-08-08T14:11:47","guid":{"rendered":""},"modified":"2016-08-08T14:11:47","modified_gmt":"2016-08-08T14:11:47","slug":"tauro-lider-de-la-lpf-con-10-puntos-seguido-del-san-francisco","status":"publish","type":"post","link":"https:\/\/sertv.gob.pa\/nacionalfm\/tauro-lider-de-la-lpf-con-10-puntos-seguido-del-san-francisco\/","title":{"rendered":"Tauro L\u00edder de la LPF con 10 puntos seguido del San Francisco"},"content":{"rendered":"<p>\nTauro FC se encuentra de l\u00edder en la Tabla de Posiciones de la Liga Paname\u00f1a de F\u00fatbol con 10 puntos seguido de San Francisco FC con 8 y en el tercer lugar Sporting San Miguelito con 7. <\/p>\n<p>El Plaza Amador y el Alianza FC se encuentran con 6 puntos cada uno, el Atl\u00e9tico Verag\u00fcense con 4, el Santa Gema con 3, el Chorrillo FC con 2 y en el S\u00f3tano el Atl\u00e9tico Nacional de la Polic\u00eda Nacional con 1 solo punto. <\/p>\n","protected":false},"excerpt":{"rendered":"<p>Tauro FC se encuentra de l\u00edder en la Tabla de <a href=\"https:\/\/sertv.gob.pa\/nacionalfm\/tauro-lider-de-la-lpf-con-10-puntos-seguido-del-san-francisco\/\"> [&#8230;]<\/a><\/p>\n","protected":false},"author":1,"featured_media":14728,"comment_status":"closed","ping_status":"closed","sticky":false,"template":"","format":"standard","meta":{"footnotes":""},"categories":[4],"tags":[],"class_list":["post-14727","post","type-post","status-publish","format-standard","has-post-thumbnail","hentry","category-deportes"],"_links":{"self":[{"href":"https:\/\/sertv.gob.pa\/nacionalfm\/wp-json\/wp\/v2\/posts\/14727","targetHints":{"allow":["GET"]}}],"collection":[{"href":"https:\/\/sertv.gob.pa\/nacionalfm\/wp-json\/wp\/v2\/posts"}],"about":[{"href":"https:\/\/sertv.gob.pa\/nacionalfm\/wp-json\/wp\/v2\/types\/post"}],"author":[{"embeddable":true,"href":"https:\/\/sertv.gob.pa\/nacionalfm\/wp-json\/wp\/v2\/users\/1"}],"replies":[{"embeddable":true,"href":"https:\/\/sertv.gob.pa\/nacionalfm\/wp-json\/wp\/v2\/comments?post=14727"}],"version-history":[{"count":0,"href":"https:\/\/sertv.gob.pa\/nacionalfm\/wp-json\/wp\/v2\/posts\/14727\/revisions"}],"wp:featuredmedia":[{"embeddable":true,"href":"https:\/\/sertv.gob.pa\/nacionalfm\/wp-json\/wp\/v2\/media\/14728"}],"wp:attachment":[{"href":"https:\/\/sertv.gob.pa\/nacionalfm\/wp-json\/wp\/v2\/media?parent=14727"}],"wp:term":[{"taxonomy":"category","embeddable":true,"href":"https:\/\/sertv.gob.pa\/nacionalfm\/wp-json\/wp\/v2\/categories?post=14727"},{"taxonomy":"post_tag","embeddable":true,"href":"https:\/\/sertv.gob.pa\/nacionalfm\/wp-json\/wp\/v2\/tags?post=14727"}],"curies":[{"name":"wp","href":"https:\/\/api.w.org\/{rel}","templated":true}]}}