{"id":14735,"date":"2016-08-08T15:27:32","date_gmt":"2016-08-08T15:27:32","guid":{"rendered":""},"modified":"2016-08-08T15:27:32","modified_gmt":"2016-08-08T15:27:32","slug":"pierde-eileen-grench-ante-sablista-de-estados-unidos","status":"publish","type":"post","link":"https:\/\/sertv.gob.pa\/nacionalfm\/pierde-eileen-grench-ante-sablista-de-estados-unidos\/","title":{"rendered":"Pierde Eileen Grench ante, sablista de Estados Unidos"},"content":{"rendered":"<p>\nLa paname\u00f1a Eileen Grench perdi\u00f3 ante la estadounidense Mariel Zagunis por puntuaci\u00f3n de 15-4, en segunda ronda. <\/p>\n<p>Grench se mostr\u00f3 tranquila luego del combate, reconociendo su realidad porque enfrentaba a la tercera clasificada de la especialidad y que ha sido campeona ol\u00edmpica, sin embargo, adelant\u00f3 que seguir\u00e1 trabajando para ver si logra llegar a Tokio 2020. <\/p>\n<p>Despu\u00e9s de superar su primer obst\u00e1culo, la  esgrimista paname\u00f1a Eileen Grench \u00a0no pudo hacerlo en la segunda ronda de la especialidad de sable femenino de los  Juegos de R\u00edo-2016 , al perder ante la estadounidense Mariel Zagunis por puntuaci\u00f3n de 15-4. <\/p>\n<p>En su primera participaci\u00f3n Eileen Grench hab\u00eda vencido en la modalidad sable a la japonesa Aoki Chika en la ronda 64. <\/p>\n","protected":false},"excerpt":{"rendered":"<p>La paname\u00f1a Eileen Grench perdi\u00f3 ante la estadounidense Mariel Zagunis <a href=\"https:\/\/sertv.gob.pa\/nacionalfm\/pierde-eileen-grench-ante-sablista-de-estados-unidos\/\"> [&#8230;]<\/a><\/p>\n","protected":false},"author":1,"featured_media":14736,"comment_status":"closed","ping_status":"closed","sticky":false,"template":"","format":"standard","meta":{"footnotes":""},"categories":[4],"tags":[],"class_list":["post-14735","post","type-post","status-publish","format-standard","has-post-thumbnail","hentry","category-deportes"],"_links":{"self":[{"href":"https:\/\/sertv.gob.pa\/nacionalfm\/wp-json\/wp\/v2\/posts\/14735","targetHints":{"allow":["GET"]}}],"collection":[{"href":"https:\/\/sertv.gob.pa\/nacionalfm\/wp-json\/wp\/v2\/posts"}],"about":[{"href":"https:\/\/sertv.gob.pa\/nacionalfm\/wp-json\/wp\/v2\/types\/post"}],"author":[{"embeddable":true,"href":"https:\/\/sertv.gob.pa\/nacionalfm\/wp-json\/wp\/v2\/users\/1"}],"replies":[{"embeddable":true,"href":"https:\/\/sertv.gob.pa\/nacionalfm\/wp-json\/wp\/v2\/comments?post=14735"}],"version-history":[{"count":0,"href":"https:\/\/sertv.gob.pa\/nacionalfm\/wp-json\/wp\/v2\/posts\/14735\/revisions"}],"wp:featuredmedia":[{"embeddable":true,"href":"https:\/\/sertv.gob.pa\/nacionalfm\/wp-json\/wp\/v2\/media\/14736"}],"wp:attachment":[{"href":"https:\/\/sertv.gob.pa\/nacionalfm\/wp-json\/wp\/v2\/media?parent=14735"}],"wp:term":[{"taxonomy":"category","embeddable":true,"href":"https:\/\/sertv.gob.pa\/nacionalfm\/wp-json\/wp\/v2\/categories?post=14735"},{"taxonomy":"post_tag","embeddable":true,"href":"https:\/\/sertv.gob.pa\/nacionalfm\/wp-json\/wp\/v2\/tags?post=14735"}],"curies":[{"name":"wp","href":"https:\/\/api.w.org\/{rel}","templated":true}]}}