{"id":14741,"date":"2016-08-08T16:05:16","date_gmt":"2016-08-08T16:05:16","guid":{"rendered":""},"modified":"2016-08-08T16:05:16","modified_gmt":"2016-08-08T16:05:16","slug":"conferencia-latinoamericana-sobre-cancer-de-pulmon","status":"publish","type":"post","link":"https:\/\/sertv.gob.pa\/nacionalfm\/conferencia-latinoamericana-sobre-cancer-de-pulmon\/","title":{"rendered":"Conferencia latinoamericana sobre c\u00e1ncer de pulm\u00f3n"},"content":{"rendered":"<p>\nEn Panam\u00e1 se llevar\u00e1 a cabo la  s\u00e9ptima conferencia latinoamericana de c\u00e1ncer de pulm\u00f3n del 25 al 27 de agosto pr\u00f3ximo,  y se esperan que asistan 700 participantes de la regi\u00f3n entre m\u00e9dicos, enfermeras, estudiantes, investigadores y cient\u00edficos en el campo del c\u00e1ncer de pulm\u00f3n y los interesados en cualquier aspecto de la oncolog\u00eda tor\u00e1cica. <\/p>\n<p>El\u00a0congreso\u00a0es organizado por la  Asociaci\u00f3n Internacional para el Estudio de C\u00e1ncer de Pulm\u00f3n  (IASLC, por sus siglas en ingl\u00e9s). <\/p>\n<p>De acuerdo a esta organizaci\u00f3n \u00abel c\u00e1ncer de pulm\u00f3n sigue siendo hoy la principal causa de muerte no s\u00f3lo en Am\u00e9rica Latina, sino en todo el mundo. Cifras de la  Organizaci\u00f3n Mundial de la Salud (OMS)  dan cuenta de que anualmente se registran en el mundo aproximadamente 1.8 millones de nuevos casos y 1.6 millones de muertes, lo que equivale a una tasa de mortalidad de 87%, ocupando con ello el primer lugar del r\u00e1nking de los c\u00e1nceres m\u00e1s mortales\u00bb. <\/p>\n<p>\u00abEl c\u00e1ncer de pulm\u00f3n no es el de mayor incidencia, como si lo es el de mama y pr\u00f3stata. Sin embargo, es el m\u00e1s mortal, ya que cuando se detecta ya est\u00e1 en estados avanzados. En este sentido, hoy los esfuerzos est\u00e1n enfocados en la prevenci\u00f3n y en buscar las herramientas, tecnolog\u00edas y avances m\u00e9dicos que permitan alargar la calidad de vida de estos pacientes\u00bb, se\u00f1ala por su parte el tambi\u00e9n co-presidente de la conferencia y m\u00e9dico onc\u00f3logo paname\u00f1o Roberto Iv\u00e1n L\u00f3pez. <\/p>\n<p>\u00a0 <\/p>\n","protected":false},"excerpt":{"rendered":"<p>En Panam\u00e1 se llevar\u00e1 a cabo la s\u00e9ptima conferencia latinoamericana <a href=\"https:\/\/sertv.gob.pa\/nacionalfm\/conferencia-latinoamericana-sobre-cancer-de-pulmon\/\"> [&#8230;]<\/a><\/p>\n","protected":false},"author":1,"featured_media":14742,"comment_status":"closed","ping_status":"closed","sticky":false,"template":"","format":"standard","meta":{"footnotes":""},"categories":[5],"tags":[],"class_list":["post-14741","post","type-post","status-publish","format-standard","has-post-thumbnail","hentry","category-salud"],"_links":{"self":[{"href":"https:\/\/sertv.gob.pa\/nacionalfm\/wp-json\/wp\/v2\/posts\/14741","targetHints":{"allow":["GET"]}}],"collection":[{"href":"https:\/\/sertv.gob.pa\/nacionalfm\/wp-json\/wp\/v2\/posts"}],"about":[{"href":"https:\/\/sertv.gob.pa\/nacionalfm\/wp-json\/wp\/v2\/types\/post"}],"author":[{"embeddable":true,"href":"https:\/\/sertv.gob.pa\/nacionalfm\/wp-json\/wp\/v2\/users\/1"}],"replies":[{"embeddable":true,"href":"https:\/\/sertv.gob.pa\/nacionalfm\/wp-json\/wp\/v2\/comments?post=14741"}],"version-history":[{"count":0,"href":"https:\/\/sertv.gob.pa\/nacionalfm\/wp-json\/wp\/v2\/posts\/14741\/revisions"}],"wp:featuredmedia":[{"embeddable":true,"href":"https:\/\/sertv.gob.pa\/nacionalfm\/wp-json\/wp\/v2\/media\/14742"}],"wp:attachment":[{"href":"https:\/\/sertv.gob.pa\/nacionalfm\/wp-json\/wp\/v2\/media?parent=14741"}],"wp:term":[{"taxonomy":"category","embeddable":true,"href":"https:\/\/sertv.gob.pa\/nacionalfm\/wp-json\/wp\/v2\/categories?post=14741"},{"taxonomy":"post_tag","embeddable":true,"href":"https:\/\/sertv.gob.pa\/nacionalfm\/wp-json\/wp\/v2\/tags?post=14741"}],"curies":[{"name":"wp","href":"https:\/\/api.w.org\/{rel}","templated":true}]}}