{"id":14763,"date":"2016-08-09T14:45:54","date_gmt":"2016-08-09T14:45:54","guid":{"rendered":""},"modified":"2016-08-09T14:45:54","modified_gmt":"2016-08-09T14:45:54","slug":"maria-far-salta-hoy-a-la-pileta-de-los-juegos-olimpicos","status":"publish","type":"post","link":"https:\/\/sertv.gob.pa\/nacionalfm\/maria-far-salta-hoy-a-la-pileta-de-los-juegos-olimpicos\/","title":{"rendered":"Mar\u00eda Far salta hoy a la pileta de los Juegos Ol\u00edmpicos"},"content":{"rendered":"<p>\nHoy a la 1: 00 de la tarde salta a la pileta la nadadora paname\u00f1a Mar\u00eda Far en su \u00fanica prueba en los Juegos Ol\u00edmpicos de R\u00edo 2016, en el primer heat de los 200 metros mariposa. <\/p>\n<p>Sus m\u00e1s cercanas rivales son Virginia Bardach de Argentina con un registro de 2: 11:04, Helena Gasson de Nueva Zelanda con 2:09:84 y Nida Ustundag de Turqu\u00eda con tiempo de 2:10:84. <\/p>\n<p>La paname\u00f1a cuenta con una marca oficial de 2:18:57. Far es hija de Alfredo Far que compiti\u00f3 en los Juegos Ol\u00edmpicos de Atlanta 96. El mejor registro de la prueba lo tiene Madelaine Groves de Australia con 2:05:41 <\/p>\n<p>Albino D\u00edaz, entrenador de la nadadora, dijo que su objetivo principal es mejorar su marca. \u00abElla ha tenido mejores registros, esperemos salga todo lo que est\u00e1 practicando. Es una muchacha joven.\u00a0 La veo optimista, no tiene nervios y\u00a0 positiva en lo que se trabaj\u00f3. Ayer estuvimos haciendo los 200, est\u00e1 bastante joven\u00bb, sentenci\u00f3.\u00a0 <\/p>\n<p>\u00a0 <\/p>\n","protected":false},"excerpt":{"rendered":"<p>Hoy a la 1: 00 de la tarde salta a <a href=\"https:\/\/sertv.gob.pa\/nacionalfm\/maria-far-salta-hoy-a-la-pileta-de-los-juegos-olimpicos\/\"> [&#8230;]<\/a><\/p>\n","protected":false},"author":1,"featured_media":14764,"comment_status":"closed","ping_status":"closed","sticky":false,"template":"","format":"standard","meta":{"footnotes":""},"categories":[4],"tags":[],"class_list":["post-14763","post","type-post","status-publish","format-standard","has-post-thumbnail","hentry","category-deportes"],"_links":{"self":[{"href":"https:\/\/sertv.gob.pa\/nacionalfm\/wp-json\/wp\/v2\/posts\/14763","targetHints":{"allow":["GET"]}}],"collection":[{"href":"https:\/\/sertv.gob.pa\/nacionalfm\/wp-json\/wp\/v2\/posts"}],"about":[{"href":"https:\/\/sertv.gob.pa\/nacionalfm\/wp-json\/wp\/v2\/types\/post"}],"author":[{"embeddable":true,"href":"https:\/\/sertv.gob.pa\/nacionalfm\/wp-json\/wp\/v2\/users\/1"}],"replies":[{"embeddable":true,"href":"https:\/\/sertv.gob.pa\/nacionalfm\/wp-json\/wp\/v2\/comments?post=14763"}],"version-history":[{"count":0,"href":"https:\/\/sertv.gob.pa\/nacionalfm\/wp-json\/wp\/v2\/posts\/14763\/revisions"}],"wp:featuredmedia":[{"embeddable":true,"href":"https:\/\/sertv.gob.pa\/nacionalfm\/wp-json\/wp\/v2\/media\/14764"}],"wp:attachment":[{"href":"https:\/\/sertv.gob.pa\/nacionalfm\/wp-json\/wp\/v2\/media?parent=14763"}],"wp:term":[{"taxonomy":"category","embeddable":true,"href":"https:\/\/sertv.gob.pa\/nacionalfm\/wp-json\/wp\/v2\/categories?post=14763"},{"taxonomy":"post_tag","embeddable":true,"href":"https:\/\/sertv.gob.pa\/nacionalfm\/wp-json\/wp\/v2\/tags?post=14763"}],"curies":[{"name":"wp","href":"https:\/\/api.w.org\/{rel}","templated":true}]}}