{"id":14779,"date":"2016-08-09T19:19:19","date_gmt":"2016-08-09T19:19:19","guid":{"rendered":""},"modified":"2016-08-09T19:19:19","modified_gmt":"2016-08-09T19:19:19","slug":"presentan-una-pildora-experimental-contra-el-asma","status":"publish","type":"post","link":"https:\/\/sertv.gob.pa\/nacionalfm\/presentan-una-pildora-experimental-contra-el-asma\/","title":{"rendered":"Presentan una p\u00edldora experimental contra el asma"},"content":{"rendered":"<p>\nCient\u00edficos de la Universidad de Leicester, en el Reino Unido, han dado un paso adelante en la investigaci\u00f3n de una p\u00edldora experimental contra el asma. La inflamaci\u00f3n de las v\u00edas respiratorias es uno de los s\u00edntomas m\u00e1s comunes de los asm\u00e1ticos y el estudio, publicado por la revista Lancet Respiratory Medicine, concluye que el nuevo medicamento &#8211; bautizado como Fevipiprant &#8211; podr\u00eda reducirla y reparar el revestimiento de estas, mejorando as\u00ed la calidad de vida de pacientes que padecen de asma moderada y severa. <\/p>\n<p>Entre febrero de 2012 y enero de 2013,  61 pacientes con asma persistente  a diferentes niveles fueron sometidos a un estudio preliminar  en el Hospital de Glenfield (Leicester).  Un grupo de 30 personas recibi\u00f3 225 miligramos del medicamento v\u00eda oral dos veces al d\u00eda durante doce semanas, mientras que al resto de participantes se les suministr\u00f3 un placebo. Tras el tratamiento, los resultados dejaron entrever que el porcentaje de presencia de eosin\u00f3filos -una medida relacionada con la inflamaci\u00f3n de las v\u00edas respiratorias- en los pacientes que recibieron el medicamento cambi\u00f3 del 5,4% al 1,1%. En el caso de los participantes tratados con placebo, s\u00f3lo se redujo del 4,6 % al 3,9 %. <\/p>\n<p>Los investigadores concluyeron que el Fevipiprant presenta  \u00abun perfil de seguridad favorable, sin muertes ni efectos adversos graves\u00bb  durante las pruebas. Sin embargo, a medida que avanzaron las investigaciones, tres pacientes a los cuales se les estaba suministrando el Fevipiprant se retiraron por el  aumento transitorio de la gravedad de la enfermedad  (exacerbaciones); aunque los investigadores no lo relacionaron con la ingesti\u00f3n del medicamento porque cuatro participantes del grupo placebo tambi\u00e9n tuvieron que abandonar el estudio. Sus conclusiones parecen apoyar que el Fevipiprant  \u00abreduce la inflamaci\u00f3n eosinof\u00edlica de las v\u00edas respiratorias  y es tolerado por pacientes con asma moderada y severa\u00bb. <\/p>\n<p>Uno de los autores de la investigaci\u00f3n, Christopher E. Brightling, ha asegurado en diversos medios brit\u00e1nicos que \u00abeste nuevo tratamiento  puede ayudar a detener ataques de asma evitables , reducir los ingresos hospitalarios y  mejorar los s\u00edntomas en el d\u00eda a d\u00eda de los pacientes , lo que lo convierte en un avance realmente innovador de cara a futuros tratamientos\u00bb. A\u00fan as\u00ed, se trata todav\u00eda de un estudio inicial, una prueba de concepto, y se necesitar\u00e1n nuevos ensayos a largo plazo para ver si la p\u00edldora puede ayudar a los asm\u00e1ticos en la vida cotidiana. <\/p>\n<p>\u00a0 <\/p>\n","protected":false},"excerpt":{"rendered":"<p>Cient\u00edficos de la Universidad de Leicester, en el Reino Unido, <a href=\"https:\/\/sertv.gob.pa\/nacionalfm\/presentan-una-pildora-experimental-contra-el-asma\/\"> [&#8230;]<\/a><\/p>\n","protected":false},"author":1,"featured_media":14780,"comment_status":"closed","ping_status":"closed","sticky":false,"template":"","format":"standard","meta":{"footnotes":""},"categories":[5],"tags":[],"class_list":["post-14779","post","type-post","status-publish","format-standard","has-post-thumbnail","hentry","category-salud"],"_links":{"self":[{"href":"https:\/\/sertv.gob.pa\/nacionalfm\/wp-json\/wp\/v2\/posts\/14779","targetHints":{"allow":["GET"]}}],"collection":[{"href":"https:\/\/sertv.gob.pa\/nacionalfm\/wp-json\/wp\/v2\/posts"}],"about":[{"href":"https:\/\/sertv.gob.pa\/nacionalfm\/wp-json\/wp\/v2\/types\/post"}],"author":[{"embeddable":true,"href":"https:\/\/sertv.gob.pa\/nacionalfm\/wp-json\/wp\/v2\/users\/1"}],"replies":[{"embeddable":true,"href":"https:\/\/sertv.gob.pa\/nacionalfm\/wp-json\/wp\/v2\/comments?post=14779"}],"version-history":[{"count":0,"href":"https:\/\/sertv.gob.pa\/nacionalfm\/wp-json\/wp\/v2\/posts\/14779\/revisions"}],"wp:featuredmedia":[{"embeddable":true,"href":"https:\/\/sertv.gob.pa\/nacionalfm\/wp-json\/wp\/v2\/media\/14780"}],"wp:attachment":[{"href":"https:\/\/sertv.gob.pa\/nacionalfm\/wp-json\/wp\/v2\/media?parent=14779"}],"wp:term":[{"taxonomy":"category","embeddable":true,"href":"https:\/\/sertv.gob.pa\/nacionalfm\/wp-json\/wp\/v2\/categories?post=14779"},{"taxonomy":"post_tag","embeddable":true,"href":"https:\/\/sertv.gob.pa\/nacionalfm\/wp-json\/wp\/v2\/tags?post=14779"}],"curies":[{"name":"wp","href":"https:\/\/api.w.org\/{rel}","templated":true}]}}