{"id":14781,"date":"2016-08-09T20:31:56","date_gmt":"2016-08-09T20:31:56","guid":{"rendered":""},"modified":"2016-08-09T20:31:56","modified_gmt":"2016-08-09T20:31:56","slug":"maria-far-cierra-su-participacion-en-jo-y-tiene-en-la-mira-japon-2020","status":"publish","type":"post","link":"https:\/\/sertv.gob.pa\/nacionalfm\/maria-far-cierra-su-participacion-en-jo-y-tiene-en-la-mira-japon-2020\/","title":{"rendered":"Mar\u00eda Far cierra su participaci\u00f3n en JO y tiene en la mira Jap\u00f3n 2020"},"content":{"rendered":"<p>\n La nadadora paname\u00f1a Mar\u00e1 Far cerr\u00f3 su actuaci\u00f3n en los Juegos Ol\u00edmpicos 2016, de R\u00edo de Janeiro, Brasil con una marca de 2:23.89 para los 200 metros estilo mariposa en la primera serie eliminatoria en la piscina ol\u00edmpica de R\u00edo de Janeiro.  <\/p>\n<p> Tras su participaci\u00f3n en los Juegos Ol\u00edmpicos en R\u00edo de Janeiro 2016, la nadadora paname\u00f1a Mar\u00eda Fernanda Far se fija nuevos objetivos.  <\/p>\n<p> Los planes inmediatos de Far son regresar a Panam\u00e1, junto con Edgar Crespo, nuestro otro representante en la nataci\u00f3n, este jueves 11 de agosto, a las cinco y treinta de la tarde.  <\/p>\n<p> De all\u00ed, luego de pasar unos d\u00edas con su familia, viajar\u00e1 a Ontario, Canad\u00e1, para iniciar sus estudios universitarios y adem\u00e1s, competir para su centro de estudios superiores.  <\/p>\n<p> \u00abEs aqu\u00ed donde iniciar\u00e1 todo nuevamente. Espero seguir representando de Panam\u00e1, mejorando todos mis registros y enfoc\u00e1ndome en la meta, que es llegar a los Juegos Ol\u00edmpicos en Tokio, Jap\u00f3n\u00bb, destac\u00f3 la tritona.  <\/p>\n","protected":false},"excerpt":{"rendered":"<p>La nadadora paname\u00f1a Mar\u00e1 Far cerr\u00f3 su actuaci\u00f3n en los <a href=\"https:\/\/sertv.gob.pa\/nacionalfm\/maria-far-cierra-su-participacion-en-jo-y-tiene-en-la-mira-japon-2020\/\"> [&#8230;]<\/a><\/p>\n","protected":false},"author":1,"featured_media":14782,"comment_status":"closed","ping_status":"closed","sticky":false,"template":"","format":"standard","meta":{"footnotes":""},"categories":[4],"tags":[],"class_list":["post-14781","post","type-post","status-publish","format-standard","has-post-thumbnail","hentry","category-deportes"],"_links":{"self":[{"href":"https:\/\/sertv.gob.pa\/nacionalfm\/wp-json\/wp\/v2\/posts\/14781","targetHints":{"allow":["GET"]}}],"collection":[{"href":"https:\/\/sertv.gob.pa\/nacionalfm\/wp-json\/wp\/v2\/posts"}],"about":[{"href":"https:\/\/sertv.gob.pa\/nacionalfm\/wp-json\/wp\/v2\/types\/post"}],"author":[{"embeddable":true,"href":"https:\/\/sertv.gob.pa\/nacionalfm\/wp-json\/wp\/v2\/users\/1"}],"replies":[{"embeddable":true,"href":"https:\/\/sertv.gob.pa\/nacionalfm\/wp-json\/wp\/v2\/comments?post=14781"}],"version-history":[{"count":0,"href":"https:\/\/sertv.gob.pa\/nacionalfm\/wp-json\/wp\/v2\/posts\/14781\/revisions"}],"wp:featuredmedia":[{"embeddable":true,"href":"https:\/\/sertv.gob.pa\/nacionalfm\/wp-json\/wp\/v2\/media\/14782"}],"wp:attachment":[{"href":"https:\/\/sertv.gob.pa\/nacionalfm\/wp-json\/wp\/v2\/media?parent=14781"}],"wp:term":[{"taxonomy":"category","embeddable":true,"href":"https:\/\/sertv.gob.pa\/nacionalfm\/wp-json\/wp\/v2\/categories?post=14781"},{"taxonomy":"post_tag","embeddable":true,"href":"https:\/\/sertv.gob.pa\/nacionalfm\/wp-json\/wp\/v2\/tags?post=14781"}],"curies":[{"name":"wp","href":"https:\/\/api.w.org\/{rel}","templated":true}]}}