{"id":14789,"date":"2016-08-10T15:16:18","date_gmt":"2016-08-10T15:16:18","guid":{"rendered":""},"modified":"2016-08-10T15:16:18","modified_gmt":"2016-08-10T15:16:18","slug":"david-munoz-culmina-su-participacion-en-tiro-de-penultimo","status":"publish","type":"post","link":"https:\/\/sertv.gob.pa\/nacionalfm\/david-munoz-culmina-su-participacion-en-tiro-de-penultimo\/","title":{"rendered":"David Mu\u00f1oz culmina su participaci\u00f3n en tiro de pen\u00faltimo"},"content":{"rendered":"<p>\nEl paname\u00f1o David Mu\u00f1oz ocup\u00f3\u00a0 el puesto 40 entre 41 competidores en la prueba de tiro 50 metros con pistola masculina en los Juegos Ol\u00edmpicos de Rio 2016.\u00a0 <\/p>\n<p>El evento clasificatorio para \u00a0los 8 \u00a0mejores tiradores \u00a0fue celebrado \u00a0en la ma\u00f1ana de hoy\u00a0 mi\u00e9rcoles en el Centro Ol\u00edmpico de Tiro. <\/p>\n<p>Mu\u00f1oz dispar\u00f3\u00a0 6 rondas de\u00a0 10 tiros cada una con los siguientes resultados. Primera ronda\u00a0 86, segunda 91, tercera 86, cuarta 91, quinta 88 y sexta\u00a0 86. Su puntuaci\u00f3n oficial\u00a0\u00a0\u00a0 fue 528\/9x. <\/p>\n<p>El tirador con esta prueba termina su\u00a0 participaci\u00f3n en\u00a0 el evento ol\u00edmpico. <\/p>\n","protected":false},"excerpt":{"rendered":"<p>El paname\u00f1o David Mu\u00f1oz ocup\u00f3\u00a0 el puesto 40 entre 41 <a href=\"https:\/\/sertv.gob.pa\/nacionalfm\/david-munoz-culmina-su-participacion-en-tiro-de-penultimo\/\"> [&#8230;]<\/a><\/p>\n","protected":false},"author":1,"featured_media":14790,"comment_status":"closed","ping_status":"closed","sticky":false,"template":"","format":"standard","meta":{"footnotes":""},"categories":[4],"tags":[],"class_list":["post-14789","post","type-post","status-publish","format-standard","has-post-thumbnail","hentry","category-deportes"],"_links":{"self":[{"href":"https:\/\/sertv.gob.pa\/nacionalfm\/wp-json\/wp\/v2\/posts\/14789","targetHints":{"allow":["GET"]}}],"collection":[{"href":"https:\/\/sertv.gob.pa\/nacionalfm\/wp-json\/wp\/v2\/posts"}],"about":[{"href":"https:\/\/sertv.gob.pa\/nacionalfm\/wp-json\/wp\/v2\/types\/post"}],"author":[{"embeddable":true,"href":"https:\/\/sertv.gob.pa\/nacionalfm\/wp-json\/wp\/v2\/users\/1"}],"replies":[{"embeddable":true,"href":"https:\/\/sertv.gob.pa\/nacionalfm\/wp-json\/wp\/v2\/comments?post=14789"}],"version-history":[{"count":0,"href":"https:\/\/sertv.gob.pa\/nacionalfm\/wp-json\/wp\/v2\/posts\/14789\/revisions"}],"wp:featuredmedia":[{"embeddable":true,"href":"https:\/\/sertv.gob.pa\/nacionalfm\/wp-json\/wp\/v2\/media\/14790"}],"wp:attachment":[{"href":"https:\/\/sertv.gob.pa\/nacionalfm\/wp-json\/wp\/v2\/media?parent=14789"}],"wp:term":[{"taxonomy":"category","embeddable":true,"href":"https:\/\/sertv.gob.pa\/nacionalfm\/wp-json\/wp\/v2\/categories?post=14789"},{"taxonomy":"post_tag","embeddable":true,"href":"https:\/\/sertv.gob.pa\/nacionalfm\/wp-json\/wp\/v2\/tags?post=14789"}],"curies":[{"name":"wp","href":"https:\/\/api.w.org\/{rel}","templated":true}]}}