{"id":14793,"date":"2016-08-10T15:58:06","date_gmt":"2016-08-10T15:58:06","guid":{"rendered":""},"modified":"2016-08-10T15:58:06","modified_gmt":"2016-08-10T15:58:06","slug":"juan-huertas-gana-ampliamente-en-desordenado-combate","status":"publish","type":"post","link":"https:\/\/sertv.gob.pa\/nacionalfm\/juan-huertas-gana-ampliamente-en-desordenado-combate\/","title":{"rendered":"Juan Huertas gana ampliamente en desordenado combate"},"content":{"rendered":"<p>\nJuan &ldquo;El Ol\u00edmpico&rdquo; Huertas gan\u00f3 ampliamente por decisi\u00f3n un\u00e1nime de los jueces ante el venezolano Alfredo Mirabal, a quien derrib\u00f3 en tres ocasiones, una ca\u00edda en el primer asalto otra en el s\u00e9ptimo y la \u00faltima en el octavo y \u00faltimo asalto. <\/p>\n<p>En ocasiones Huertas ca\u00eda en el boxeo desordenado del boxeador venezolano. <\/p>\n<p>Al finalizar el encuentro Juan Huertas fue retado por el verag\u00fcense Rolando Giono y el p\u00fablico ped\u00eda a gritos la pelea entre \u00e9l y el invicto Jaime Arboleda quien estuvo presente en la cartelera.\u00a0\u00a0\u00a0\u00a0\u00a0\u00a0\u00a0\u00a0\u00a0\u00a0\u00a0\u00a0\u00a0\u00a0\u00a0\u00a0\u00a0\u00a0\u00a0\u00a0\u00a0\u00a0\u00a0\u00a0\u00a0\u00a0\u00a0\u00a0\u00a0\u00a0\u00a0\u00a0\u00a0\u00a0\u00a0\u00a0\u00a0\u00a0\u00a0\u00a0\u00a0\u00a0\u00a0\u00a0 \u00a0\u00a0\u00a0\u00a0 \u00a0 \u00a0 \u00a0 \u00a0 \u00a0 \u00a0 \u00a0 \u00a0 \u00a0 \u00a0 \u00a0 \u00a0 \u00a0 \u00a0\u00a0 <\/p>\n","protected":false},"excerpt":{"rendered":"<p>Juan &ldquo;El Ol\u00edmpico&rdquo; Huertas gan\u00f3 ampliamente por decisi\u00f3n un\u00e1nime de <a href=\"https:\/\/sertv.gob.pa\/nacionalfm\/juan-huertas-gana-ampliamente-en-desordenado-combate\/\"> [&#8230;]<\/a><\/p>\n","protected":false},"author":1,"featured_media":14794,"comment_status":"closed","ping_status":"closed","sticky":false,"template":"","format":"standard","meta":{"footnotes":""},"categories":[4],"tags":[],"class_list":["post-14793","post","type-post","status-publish","format-standard","has-post-thumbnail","hentry","category-deportes"],"_links":{"self":[{"href":"https:\/\/sertv.gob.pa\/nacionalfm\/wp-json\/wp\/v2\/posts\/14793","targetHints":{"allow":["GET"]}}],"collection":[{"href":"https:\/\/sertv.gob.pa\/nacionalfm\/wp-json\/wp\/v2\/posts"}],"about":[{"href":"https:\/\/sertv.gob.pa\/nacionalfm\/wp-json\/wp\/v2\/types\/post"}],"author":[{"embeddable":true,"href":"https:\/\/sertv.gob.pa\/nacionalfm\/wp-json\/wp\/v2\/users\/1"}],"replies":[{"embeddable":true,"href":"https:\/\/sertv.gob.pa\/nacionalfm\/wp-json\/wp\/v2\/comments?post=14793"}],"version-history":[{"count":0,"href":"https:\/\/sertv.gob.pa\/nacionalfm\/wp-json\/wp\/v2\/posts\/14793\/revisions"}],"wp:featuredmedia":[{"embeddable":true,"href":"https:\/\/sertv.gob.pa\/nacionalfm\/wp-json\/wp\/v2\/media\/14794"}],"wp:attachment":[{"href":"https:\/\/sertv.gob.pa\/nacionalfm\/wp-json\/wp\/v2\/media?parent=14793"}],"wp:term":[{"taxonomy":"category","embeddable":true,"href":"https:\/\/sertv.gob.pa\/nacionalfm\/wp-json\/wp\/v2\/categories?post=14793"},{"taxonomy":"post_tag","embeddable":true,"href":"https:\/\/sertv.gob.pa\/nacionalfm\/wp-json\/wp\/v2\/tags?post=14793"}],"curies":[{"name":"wp","href":"https:\/\/api.w.org\/{rel}","templated":true}]}}