{"id":14799,"date":"2016-08-10T16:31:42","date_gmt":"2016-08-10T16:31:42","guid":{"rendered":""},"modified":"2016-08-10T16:31:42","modified_gmt":"2016-08-10T16:31:42","slug":"en-62-se-mantiene-la-cifra-de-decesos-por-la-influenza","status":"publish","type":"post","link":"https:\/\/sertv.gob.pa\/nacionalfm\/en-62-se-mantiene-la-cifra-de-decesos-por-la-influenza\/","title":{"rendered":"En 62 se mantiene la cifra de decesos por la influenza"},"content":{"rendered":"<p>\nEl  Ministerio de Salud (Minsa) \u00a0inform\u00f3 ayer martes 9 de agosto, que la cifra de defunciones por el virus de  influenza A(H1N1) \u00a0se mantiene en  62 . <\/p>\n<p>Adem\u00e1s se\u00f1alaron que de 3 mil 846 pacientes que se hallaban hospitalizados, unos  3 mil 569 ya fueron dados de alta . <\/p>\n<p>El Minsa explic\u00f3\u00a0que m\u00e1s del 90% de las muertes registradas hasta la fecha, han ocurrido en personas con factores de riesgo. <\/p>\n<p>Desde el mes de abril, tanto el Minsa como la  Caja del Seguro Social (CSS) \u00a0han aplicado mill\u00f3n 986 mil 679 dosis de vacunas, sin embargo, a\u00fan quedan unas 400 mil dosis que esperan para ser puestas a toda la poblaci\u00f3n. <\/p>\n<p>La instituci\u00f3n hizo un llamado a la poblaci\u00f3n que todav\u00eda no se ha vacunado para que asista al centro de salud o policl\u00ednica m\u00e1s cercana a vacunarse, \u00abya que con el per\u00edodo de lluvias, los cambios de temperatura, entre otros factores hacen que exista mayor susceptibilidad a padecer la enfermedad y llegar a complicarse\u00bb. <\/p>\n<p>\u00a0 <\/p>\n","protected":false},"excerpt":{"rendered":"<p>El Ministerio de Salud (Minsa) \u00a0inform\u00f3 ayer martes 9 de <a href=\"https:\/\/sertv.gob.pa\/nacionalfm\/en-62-se-mantiene-la-cifra-de-decesos-por-la-influenza\/\"> [&#8230;]<\/a><\/p>\n","protected":false},"author":1,"featured_media":14800,"comment_status":"closed","ping_status":"closed","sticky":false,"template":"","format":"standard","meta":{"footnotes":""},"categories":[5],"tags":[],"class_list":["post-14799","post","type-post","status-publish","format-standard","has-post-thumbnail","hentry","category-salud"],"_links":{"self":[{"href":"https:\/\/sertv.gob.pa\/nacionalfm\/wp-json\/wp\/v2\/posts\/14799","targetHints":{"allow":["GET"]}}],"collection":[{"href":"https:\/\/sertv.gob.pa\/nacionalfm\/wp-json\/wp\/v2\/posts"}],"about":[{"href":"https:\/\/sertv.gob.pa\/nacionalfm\/wp-json\/wp\/v2\/types\/post"}],"author":[{"embeddable":true,"href":"https:\/\/sertv.gob.pa\/nacionalfm\/wp-json\/wp\/v2\/users\/1"}],"replies":[{"embeddable":true,"href":"https:\/\/sertv.gob.pa\/nacionalfm\/wp-json\/wp\/v2\/comments?post=14799"}],"version-history":[{"count":0,"href":"https:\/\/sertv.gob.pa\/nacionalfm\/wp-json\/wp\/v2\/posts\/14799\/revisions"}],"wp:featuredmedia":[{"embeddable":true,"href":"https:\/\/sertv.gob.pa\/nacionalfm\/wp-json\/wp\/v2\/media\/14800"}],"wp:attachment":[{"href":"https:\/\/sertv.gob.pa\/nacionalfm\/wp-json\/wp\/v2\/media?parent=14799"}],"wp:term":[{"taxonomy":"category","embeddable":true,"href":"https:\/\/sertv.gob.pa\/nacionalfm\/wp-json\/wp\/v2\/categories?post=14799"},{"taxonomy":"post_tag","embeddable":true,"href":"https:\/\/sertv.gob.pa\/nacionalfm\/wp-json\/wp\/v2\/tags?post=14799"}],"curies":[{"name":"wp","href":"https:\/\/api.w.org\/{rel}","templated":true}]}}