{"id":14811,"date":"2016-08-10T19:40:38","date_gmt":"2016-08-10T19:40:38","guid":{"rendered":""},"modified":"2016-08-10T19:40:38","modified_gmt":"2016-08-10T19:40:38","slug":"liga-profesional-de-baloncesto-firma-acuerdo-con-power-club","status":"publish","type":"post","link":"https:\/\/sertv.gob.pa\/nacionalfm\/liga-profesional-de-baloncesto-firma-acuerdo-con-power-club\/","title":{"rendered":"Liga Profesional de Baloncesto firma acuerdo con Power Club"},"content":{"rendered":"<p>\n108 canasteros inscritos en las n\u00f3minas de los seis equipo que participan en la segunda campa\u00f1a de la Liga Profesional de Baloncesto, ser\u00e1n beneficiados por el convenio firmado entre la moderna cadena de gimnasios Power Club y la Liga Profesional de Baloncesto. <\/p>\n<p> Para sellar el acuerdo estamparon su firma Adolfo Valderrama, presidente de la LBP, y Guillermo St. Malo, de Power Club, en una conferencia de prensa en la sucursal del gimnasio de la 12 de octubre, a donde asistieron jugadores de las Panteras de Parque de Parque Lefevre, \u00c1guilas de R\u00edo Abajo, Halcones de Calle P, Toros de Chiriqu\u00ed, Correcaminos de Col\u00f3n y Caballos de Cocl\u00e9.  <\/p>\n<p> El convenio entre LPB y Power Club le da el derecho a los jugadores de la LPB a utilizar las instalaciones del gimnasio en cualquiera de sus 12 sucursales, para que puedan mantenerse en forma durante los cuatro meses de la campa\u00f1a 2016 de la liga.  <\/p>\n<p>\u00a0 <\/p>\n","protected":false},"excerpt":{"rendered":"<p>108 canasteros inscritos en las n\u00f3minas de los seis equipo <a href=\"https:\/\/sertv.gob.pa\/nacionalfm\/liga-profesional-de-baloncesto-firma-acuerdo-con-power-club\/\"> [&#8230;]<\/a><\/p>\n","protected":false},"author":1,"featured_media":14812,"comment_status":"closed","ping_status":"closed","sticky":false,"template":"","format":"standard","meta":{"footnotes":""},"categories":[4],"tags":[],"class_list":["post-14811","post","type-post","status-publish","format-standard","has-post-thumbnail","hentry","category-deportes"],"_links":{"self":[{"href":"https:\/\/sertv.gob.pa\/nacionalfm\/wp-json\/wp\/v2\/posts\/14811","targetHints":{"allow":["GET"]}}],"collection":[{"href":"https:\/\/sertv.gob.pa\/nacionalfm\/wp-json\/wp\/v2\/posts"}],"about":[{"href":"https:\/\/sertv.gob.pa\/nacionalfm\/wp-json\/wp\/v2\/types\/post"}],"author":[{"embeddable":true,"href":"https:\/\/sertv.gob.pa\/nacionalfm\/wp-json\/wp\/v2\/users\/1"}],"replies":[{"embeddable":true,"href":"https:\/\/sertv.gob.pa\/nacionalfm\/wp-json\/wp\/v2\/comments?post=14811"}],"version-history":[{"count":0,"href":"https:\/\/sertv.gob.pa\/nacionalfm\/wp-json\/wp\/v2\/posts\/14811\/revisions"}],"wp:featuredmedia":[{"embeddable":true,"href":"https:\/\/sertv.gob.pa\/nacionalfm\/wp-json\/wp\/v2\/media\/14812"}],"wp:attachment":[{"href":"https:\/\/sertv.gob.pa\/nacionalfm\/wp-json\/wp\/v2\/media?parent=14811"}],"wp:term":[{"taxonomy":"category","embeddable":true,"href":"https:\/\/sertv.gob.pa\/nacionalfm\/wp-json\/wp\/v2\/categories?post=14811"},{"taxonomy":"post_tag","embeddable":true,"href":"https:\/\/sertv.gob.pa\/nacionalfm\/wp-json\/wp\/v2\/tags?post=14811"}],"curies":[{"name":"wp","href":"https:\/\/api.w.org\/{rel}","templated":true}]}}