{"id":14833,"date":"2016-08-11T18:36:12","date_gmt":"2016-08-11T18:36:12","guid":{"rendered":""},"modified":"2016-08-11T18:36:12","modified_gmt":"2016-08-11T18:36:12","slug":"cirugias-electivas-son-suspendidas-hoy-en-el-complejo-de-la-css","status":"publish","type":"post","link":"https:\/\/sertv.gob.pa\/nacionalfm\/cirugias-electivas-son-suspendidas-hoy-en-el-complejo-de-la-css\/","title":{"rendered":"Cirug\u00edas electivas son suspendidas hoy en el Complejo de la CSS"},"content":{"rendered":"<p>\nLa Caja de Seguro Social (CSS) dio a conocer que\u00a0debido a la situaci\u00f3n surgida en la Potabilizadora de Chilibre se decidi\u00f3\u00a0suspender, temporalmente,\u00a0 las cirug\u00edas electivas\u00a0que deb\u00edan efectuarse hoy jueves 11 de agosto de 2016 en el Complejo Hospitalario Arnulfo Arias Madrid. <\/p>\n<p>La medida\u00a0 obedece a\u00a0 que\u00a0 la baja presi\u00f3n del agua potable afecta el funcionamiento de las manejadoras de las torres de enfriamiento del aire acondicionado del hospital. <\/p>\n<p>&ldquo;Es importante aclarar a la poblaci\u00f3n asegurada que todas las cirug\u00edas de urgencias se realizar\u00e1n con normalidad en este centro hospitalario&rdquo;, se\u00f1alaron en un bolet\u00edn de prensa. <\/p>\n<p>La CSS pidi\u00f3\u00a0 disculpas por los inconvenientes que se han presentados\u00a0 por este da\u00f1o fortuito e indicaron que las cirug\u00edas electivas\u00a0ser\u00e1n reprogramadas tan pronto se regule la situaci\u00f3n\u00a0del\u00a0agua. <\/p>\n<p>\u00a0 <\/p>\n","protected":false},"excerpt":{"rendered":"<p>La Caja de Seguro Social (CSS) dio a conocer que\u00a0debido <a href=\"https:\/\/sertv.gob.pa\/nacionalfm\/cirugias-electivas-son-suspendidas-hoy-en-el-complejo-de-la-css\/\"> [&#8230;]<\/a><\/p>\n","protected":false},"author":1,"featured_media":14834,"comment_status":"closed","ping_status":"closed","sticky":false,"template":"","format":"standard","meta":{"footnotes":""},"categories":[5],"tags":[],"class_list":["post-14833","post","type-post","status-publish","format-standard","has-post-thumbnail","hentry","category-salud"],"_links":{"self":[{"href":"https:\/\/sertv.gob.pa\/nacionalfm\/wp-json\/wp\/v2\/posts\/14833","targetHints":{"allow":["GET"]}}],"collection":[{"href":"https:\/\/sertv.gob.pa\/nacionalfm\/wp-json\/wp\/v2\/posts"}],"about":[{"href":"https:\/\/sertv.gob.pa\/nacionalfm\/wp-json\/wp\/v2\/types\/post"}],"author":[{"embeddable":true,"href":"https:\/\/sertv.gob.pa\/nacionalfm\/wp-json\/wp\/v2\/users\/1"}],"replies":[{"embeddable":true,"href":"https:\/\/sertv.gob.pa\/nacionalfm\/wp-json\/wp\/v2\/comments?post=14833"}],"version-history":[{"count":0,"href":"https:\/\/sertv.gob.pa\/nacionalfm\/wp-json\/wp\/v2\/posts\/14833\/revisions"}],"wp:featuredmedia":[{"embeddable":true,"href":"https:\/\/sertv.gob.pa\/nacionalfm\/wp-json\/wp\/v2\/media\/14834"}],"wp:attachment":[{"href":"https:\/\/sertv.gob.pa\/nacionalfm\/wp-json\/wp\/v2\/media?parent=14833"}],"wp:term":[{"taxonomy":"category","embeddable":true,"href":"https:\/\/sertv.gob.pa\/nacionalfm\/wp-json\/wp\/v2\/categories?post=14833"},{"taxonomy":"post_tag","embeddable":true,"href":"https:\/\/sertv.gob.pa\/nacionalfm\/wp-json\/wp\/v2\/tags?post=14833"}],"curies":[{"name":"wp","href":"https:\/\/api.w.org\/{rel}","templated":true}]}}