{"id":14855,"date":"2016-08-12T18:40:40","date_gmt":"2016-08-12T18:40:40","guid":{"rendered":""},"modified":"2016-08-12T18:40:40","modified_gmt":"2016-08-12T18:40:40","slug":"primer-censo-de-salud-en-panama-norte","status":"publish","type":"post","link":"https:\/\/sertv.gob.pa\/nacionalfm\/primer-censo-de-salud-en-panama-norte\/","title":{"rendered":"Primer Censo de Salud en Panam\u00e1 Norte"},"content":{"rendered":"<p>\nDel martes 16 al jueves 18 de agosto de 2016, la Regi\u00f3n de Salud de Panam\u00e1 Norte, llevar\u00e1 a cabo el Primer Censo de Salud Preventiva, en conjunto con la Caja de Seguro Social y la Presidencia de la Rep\u00fablica. <\/p>\n<p>La iniciativa que impulsa el Gobierno tiene como prop\u00f3sito censar a la poblaci\u00f3n mayor de 40 a\u00f1os en el pa\u00eds y determinar el estado de salud, medir la prevalencia de hipertensi\u00f3n y diabetes mellitus, la prevalencia de dislipidemias (alto nivel de grasa en la sangre) y obesidad y brindarle la atenci\u00f3n oportuna. <\/p>\n<p>Los pacientes que asistan en estos tres d\u00edas, recibir\u00e1n de manera gratuita servicios de pruebas de laboratorio con entrega inmediata de los resultados, evaluaci\u00f3n nutricional, atenci\u00f3n en medicina general, entrega de medicamentos, charlas y cuidados que se deben tener y un plan de control para cuidar la salud. <\/p>\n<p>El Censo Preventivo de salud, se llevar\u00e1 a cabo en el subcentro de Salud de Caimitillo e iniciar\u00e1 la atenci\u00f3n los tres d\u00edas, a las 5:00 a.m. Para ello se ha planificado un cronograma de atenci\u00f3n y el d\u00eda martes 16 de agosto se atender\u00e1 a los residentes de Calzada Larga, el mi\u00e9rcoles 17 de agosto a los de Caimitillo Centro y el jueves 18 de agosto a los residentes de Las Albinas y Los Pinos. <\/p>\n<p>Los pacientes deber\u00e1n presentarse en ayunas de 12 horas, deber\u00e1n portar su c\u00e9dula de identidad o pasaporte y su tarjeta de vacunaci\u00f3n (si la tiene). El transporte desde su \u00e1rea de residencia hasta el Subcentro de Caimitillo ser\u00e1 gratuito y se les ofrecer\u00e1 un refrigerio luego de realizarse los ex\u00e1menes de laboratorio. <\/p>\n<p>\u00a0 <\/p>\n","protected":false},"excerpt":{"rendered":"<p>Del martes 16 al jueves 18 de agosto de 2016, <a href=\"https:\/\/sertv.gob.pa\/nacionalfm\/primer-censo-de-salud-en-panama-norte\/\"> [&#8230;]<\/a><\/p>\n","protected":false},"author":1,"featured_media":14856,"comment_status":"closed","ping_status":"closed","sticky":false,"template":"","format":"standard","meta":{"footnotes":""},"categories":[5],"tags":[],"class_list":["post-14855","post","type-post","status-publish","format-standard","has-post-thumbnail","hentry","category-salud"],"_links":{"self":[{"href":"https:\/\/sertv.gob.pa\/nacionalfm\/wp-json\/wp\/v2\/posts\/14855","targetHints":{"allow":["GET"]}}],"collection":[{"href":"https:\/\/sertv.gob.pa\/nacionalfm\/wp-json\/wp\/v2\/posts"}],"about":[{"href":"https:\/\/sertv.gob.pa\/nacionalfm\/wp-json\/wp\/v2\/types\/post"}],"author":[{"embeddable":true,"href":"https:\/\/sertv.gob.pa\/nacionalfm\/wp-json\/wp\/v2\/users\/1"}],"replies":[{"embeddable":true,"href":"https:\/\/sertv.gob.pa\/nacionalfm\/wp-json\/wp\/v2\/comments?post=14855"}],"version-history":[{"count":0,"href":"https:\/\/sertv.gob.pa\/nacionalfm\/wp-json\/wp\/v2\/posts\/14855\/revisions"}],"wp:featuredmedia":[{"embeddable":true,"href":"https:\/\/sertv.gob.pa\/nacionalfm\/wp-json\/wp\/v2\/media\/14856"}],"wp:attachment":[{"href":"https:\/\/sertv.gob.pa\/nacionalfm\/wp-json\/wp\/v2\/media?parent=14855"}],"wp:term":[{"taxonomy":"category","embeddable":true,"href":"https:\/\/sertv.gob.pa\/nacionalfm\/wp-json\/wp\/v2\/categories?post=14855"},{"taxonomy":"post_tag","embeddable":true,"href":"https:\/\/sertv.gob.pa\/nacionalfm\/wp-json\/wp\/v2\/tags?post=14855"}],"curies":[{"name":"wp","href":"https:\/\/api.w.org\/{rel}","templated":true}]}}