{"id":14893,"date":"2016-08-16T18:42:21","date_gmt":"2016-08-16T18:42:21","guid":{"rendered":""},"modified":"2016-08-16T18:42:21","modified_gmt":"2016-08-16T18:42:21","slug":"minsa-brinda-atencion-medica-a-migrantes-en-albrook","status":"publish","type":"post","link":"https:\/\/sertv.gob.pa\/nacionalfm\/minsa-brinda-atencion-medica-a-migrantes-en-albrook\/","title":{"rendered":"Minsa brinda atenci\u00f3n m\u00e9dica a migrantes en Albrook"},"content":{"rendered":"<p>\nPersonal de la regional metropolitana del Ministerio de Salud (Minsa)\u00a0se halla desde las 7:30 am, de hoy martes 16, \u00a0brindando atenci\u00f3n m\u00e9dica a los migrantes que llegan a la terminal de Albrook.\u00a0 <\/p>\n<p>Aurelio Rangel, director de la regional metropolitana de salud, indic\u00f3 que el objetivo b\u00e1sico de esta atenci\u00f3n m\u00e9dica es para dar seguimiento a los inmigrantes, porque ya han sido atendidos por el personal de salud en Dari\u00e9n. <\/p>\n<p>\u00abLo m\u00e1s importante dentro de la vigilancia epidemiol\u00f3gica son los s\u00edntomas de malaria como cuadros febriles, as\u00ed como tambi\u00e9n problemas gastrointestinales que puedan presentar\u00bb, a\u00f1adi\u00f3 Rangel.\u00a0 <\/p>\n<p>Diariamente est\u00e1n transitando entre 100 y 200 migrantes extracontinentales, por la terminal de Albrook.\u00a0 <\/p>\n<p>\u00a0 <\/p>\n","protected":false},"excerpt":{"rendered":"<p>Personal de la regional metropolitana del Ministerio de Salud (Minsa)\u00a0se <a href=\"https:\/\/sertv.gob.pa\/nacionalfm\/minsa-brinda-atencion-medica-a-migrantes-en-albrook\/\"> [&#8230;]<\/a><\/p>\n","protected":false},"author":1,"featured_media":14894,"comment_status":"closed","ping_status":"closed","sticky":false,"template":"","format":"standard","meta":{"footnotes":""},"categories":[5],"tags":[],"class_list":["post-14893","post","type-post","status-publish","format-standard","has-post-thumbnail","hentry","category-salud"],"_links":{"self":[{"href":"https:\/\/sertv.gob.pa\/nacionalfm\/wp-json\/wp\/v2\/posts\/14893","targetHints":{"allow":["GET"]}}],"collection":[{"href":"https:\/\/sertv.gob.pa\/nacionalfm\/wp-json\/wp\/v2\/posts"}],"about":[{"href":"https:\/\/sertv.gob.pa\/nacionalfm\/wp-json\/wp\/v2\/types\/post"}],"author":[{"embeddable":true,"href":"https:\/\/sertv.gob.pa\/nacionalfm\/wp-json\/wp\/v2\/users\/1"}],"replies":[{"embeddable":true,"href":"https:\/\/sertv.gob.pa\/nacionalfm\/wp-json\/wp\/v2\/comments?post=14893"}],"version-history":[{"count":0,"href":"https:\/\/sertv.gob.pa\/nacionalfm\/wp-json\/wp\/v2\/posts\/14893\/revisions"}],"wp:featuredmedia":[{"embeddable":true,"href":"https:\/\/sertv.gob.pa\/nacionalfm\/wp-json\/wp\/v2\/media\/14894"}],"wp:attachment":[{"href":"https:\/\/sertv.gob.pa\/nacionalfm\/wp-json\/wp\/v2\/media?parent=14893"}],"wp:term":[{"taxonomy":"category","embeddable":true,"href":"https:\/\/sertv.gob.pa\/nacionalfm\/wp-json\/wp\/v2\/categories?post=14893"},{"taxonomy":"post_tag","embeddable":true,"href":"https:\/\/sertv.gob.pa\/nacionalfm\/wp-json\/wp\/v2\/tags?post=14893"}],"curies":[{"name":"wp","href":"https:\/\/api.w.org\/{rel}","templated":true}]}}