{"id":14897,"date":"2016-08-16T18:48:18","date_gmt":"2016-08-16T18:48:18","guid":{"rendered":""},"modified":"2016-08-16T18:48:18","modified_gmt":"2016-08-16T18:48:18","slug":"prorroga-para-registro-sanitario-farmaceutico-solicitara-el-minsa","status":"publish","type":"post","link":"https:\/\/sertv.gob.pa\/nacionalfm\/prorroga-para-registro-sanitario-farmaceutico-solicitara-el-minsa\/","title":{"rendered":"Pr\u00f3rroga para registro sanitario farmac\u00e9utico solicitar\u00e1 el Minsa"},"content":{"rendered":"<p>\nEste jueves, el Ministerio de Salud (Minsa), presentar\u00e1 al Consejo de\u00a0Gabinete una pr\u00f3rroga por un a\u00f1o para el registro sanitario de productos farmac\u00e9uticos que se vence este 15 de agosto de 2016. <\/p>\n<p>La implementaci\u00f3n de esta pr\u00f3rroga es una medida a corto plazo para resolver el problema de desabastecimiento de f\u00e1rmacos. A mediano plazo se contempla\u00a0reformar\u00a0la Ley 1 de Medicamentos. <\/p>\n<p>La informaci\u00f3n se dio a conocer durante una reuni\u00f3n entre el\u00a0ministro de Salud, Miguel Mayo, su\u00a0asesor Tem\u00edstocles D\u00edaz quienes\u00a0sostuvieron una\u00a0reuni\u00f3n con miembros de la C\u00e1mara de Comercio Industrias y Agricultura de Panam\u00e1.\u00a0 <\/p>\n<p>A dicha reuni\u00f3n\u00a0igualmente asistieron\u00a0el ministro de Comercio e Industrias Augusto Arosemena, para\u00a0analizar el problema\u00a0de la falta de medicamentos. <\/p>\n<p>Tanto el sector empresarial como las autoridades gubernamentales alegaron que parte del problema es porque los empresarios no presentan la solicitud de renovaci\u00f3n de registro sanitario a tiempo.\u00a0 <\/p>\n<p>\u00a0 <\/p>\n","protected":false},"excerpt":{"rendered":"<p>Este jueves, el Ministerio de Salud (Minsa), presentar\u00e1 al Consejo <a href=\"https:\/\/sertv.gob.pa\/nacionalfm\/prorroga-para-registro-sanitario-farmaceutico-solicitara-el-minsa\/\"> [&#8230;]<\/a><\/p>\n","protected":false},"author":1,"featured_media":14898,"comment_status":"closed","ping_status":"closed","sticky":false,"template":"","format":"standard","meta":{"footnotes":""},"categories":[5],"tags":[],"class_list":["post-14897","post","type-post","status-publish","format-standard","has-post-thumbnail","hentry","category-salud"],"_links":{"self":[{"href":"https:\/\/sertv.gob.pa\/nacionalfm\/wp-json\/wp\/v2\/posts\/14897","targetHints":{"allow":["GET"]}}],"collection":[{"href":"https:\/\/sertv.gob.pa\/nacionalfm\/wp-json\/wp\/v2\/posts"}],"about":[{"href":"https:\/\/sertv.gob.pa\/nacionalfm\/wp-json\/wp\/v2\/types\/post"}],"author":[{"embeddable":true,"href":"https:\/\/sertv.gob.pa\/nacionalfm\/wp-json\/wp\/v2\/users\/1"}],"replies":[{"embeddable":true,"href":"https:\/\/sertv.gob.pa\/nacionalfm\/wp-json\/wp\/v2\/comments?post=14897"}],"version-history":[{"count":0,"href":"https:\/\/sertv.gob.pa\/nacionalfm\/wp-json\/wp\/v2\/posts\/14897\/revisions"}],"wp:featuredmedia":[{"embeddable":true,"href":"https:\/\/sertv.gob.pa\/nacionalfm\/wp-json\/wp\/v2\/media\/14898"}],"wp:attachment":[{"href":"https:\/\/sertv.gob.pa\/nacionalfm\/wp-json\/wp\/v2\/media?parent=14897"}],"wp:term":[{"taxonomy":"category","embeddable":true,"href":"https:\/\/sertv.gob.pa\/nacionalfm\/wp-json\/wp\/v2\/categories?post=14897"},{"taxonomy":"post_tag","embeddable":true,"href":"https:\/\/sertv.gob.pa\/nacionalfm\/wp-json\/wp\/v2\/tags?post=14897"}],"curies":[{"name":"wp","href":"https:\/\/api.w.org\/{rel}","templated":true}]}}