{"id":14903,"date":"2016-08-16T22:54:56","date_gmt":"2016-08-16T22:54:56","guid":{"rendered":""},"modified":"2016-08-16T22:54:56","modified_gmt":"2016-08-16T22:54:56","slug":"alonso-edwards-gana-su-heat-en-los-200-metros","status":"publish","type":"post","link":"https:\/\/sertv.gob.pa\/nacionalfm\/alonso-edwards-gana-su-heat-en-los-200-metros\/","title":{"rendered":"Alonso Edwards gana su heat en los 200 metros"},"content":{"rendered":"<p>\nCon tiempo de 20.19 segundos, el paname\u00f1o Alonso Edwards gan\u00f3 su heat en los 200 metros libres en su primera presentaci\u00f3n de los Juegos Ol\u00edmpicos de Rio 2016. <\/p>\n<p>Al ganar su carrera, Edwards clasifica a la ronda semifinal de esta especialidad junto a Daniel Talbot (20.27) de Reino Unido quien lleg\u00f3 segundo. <\/p>\n<p>Ambos atletas competir\u00e1n la tarde de este mi\u00e9rcoles en las semifinales de los 200 metros planos. <\/p>\n<p>Por su parte, la tambi\u00e9n paname\u00f1a, Yvette Lewis, compiti\u00f3 este martes en los 110 metros con vallas realizando tiempo de 13.35 segundos despidi\u00e9ndose de Rio 2016. La puertorique\u00f1a Jasm\u00edn Camacho-Quinn, gan\u00f3 este heat con tiempo de 12.70 segundos. <\/p>\n","protected":false},"excerpt":{"rendered":"<p>Con tiempo de 20.19 segundos, el paname\u00f1o Alonso Edwards gan\u00f3 <a href=\"https:\/\/sertv.gob.pa\/nacionalfm\/alonso-edwards-gana-su-heat-en-los-200-metros\/\"> [&#8230;]<\/a><\/p>\n","protected":false},"author":1,"featured_media":14904,"comment_status":"closed","ping_status":"closed","sticky":false,"template":"","format":"standard","meta":{"footnotes":""},"categories":[4],"tags":[],"class_list":["post-14903","post","type-post","status-publish","format-standard","has-post-thumbnail","hentry","category-deportes"],"_links":{"self":[{"href":"https:\/\/sertv.gob.pa\/nacionalfm\/wp-json\/wp\/v2\/posts\/14903","targetHints":{"allow":["GET"]}}],"collection":[{"href":"https:\/\/sertv.gob.pa\/nacionalfm\/wp-json\/wp\/v2\/posts"}],"about":[{"href":"https:\/\/sertv.gob.pa\/nacionalfm\/wp-json\/wp\/v2\/types\/post"}],"author":[{"embeddable":true,"href":"https:\/\/sertv.gob.pa\/nacionalfm\/wp-json\/wp\/v2\/users\/1"}],"replies":[{"embeddable":true,"href":"https:\/\/sertv.gob.pa\/nacionalfm\/wp-json\/wp\/v2\/comments?post=14903"}],"version-history":[{"count":0,"href":"https:\/\/sertv.gob.pa\/nacionalfm\/wp-json\/wp\/v2\/posts\/14903\/revisions"}],"wp:featuredmedia":[{"embeddable":true,"href":"https:\/\/sertv.gob.pa\/nacionalfm\/wp-json\/wp\/v2\/media\/14904"}],"wp:attachment":[{"href":"https:\/\/sertv.gob.pa\/nacionalfm\/wp-json\/wp\/v2\/media?parent=14903"}],"wp:term":[{"taxonomy":"category","embeddable":true,"href":"https:\/\/sertv.gob.pa\/nacionalfm\/wp-json\/wp\/v2\/categories?post=14903"},{"taxonomy":"post_tag","embeddable":true,"href":"https:\/\/sertv.gob.pa\/nacionalfm\/wp-json\/wp\/v2\/tags?post=14903"}],"curies":[{"name":"wp","href":"https:\/\/api.w.org\/{rel}","templated":true}]}}