{"id":1492,"date":"2014-09-10T05:00:00","date_gmt":"2014-09-10T05:00:00","guid":{"rendered":""},"modified":"2014-09-10T05:00:00","modified_gmt":"2014-09-10T05:00:00","slug":"disminucion-presupuestaria-realizan-en-el-minsa-para-el-2015","status":"publish","type":"post","link":"https:\/\/sertv.gob.pa\/nacionalfm\/disminucion-presupuestaria-realizan-en-el-minsa-para-el-2015\/","title":{"rendered":"Disminuci\u00f3n presupuestaria para el 2015, realiza el MINSA"},"content":{"rendered":"<p>\nSeg\u00fan se pudo conocer, las autoridades del Ministerio de Salud (MINSA), utilizar\u00e1n en el pr\u00f3ximo a\u00f1o fiscal un presupuesto de $1,500 millones para inversi\u00f3n y funcionamiento. <\/p>\n<p>La anterior cifra da cuenta de una disminuci\u00f3n presupuestaria de $300 millones (16%) en comparaci\u00f3n con la asignaci\u00f3n de este a\u00f1o, de $1,800 millones. <\/p>\n<p>Sobre el tema, el ministro de Salud, Francisco Javier Terrientes, declar\u00f3 que la reducci\u00f3n obedece a que existen proyectos como la construcci\u00f3n de los hospitales en el interior, cuyas obras se encuentran retrasadas. &ldquo;Esos pagos no ser\u00e1n contemplados en dicho presupuesto&rdquo;, a\u00f1adi\u00f3. <\/p>\n<p>Del mismo modo puntualiz\u00f3, que estos hospitales en construcci\u00f3n est\u00e1n en una fase de &ldquo;revisi\u00f3n legal&rdquo;, luego de que la administraci\u00f3n anterior anulara varios contratos.\u00a0 @nacionalFm <\/p>\n","protected":false},"excerpt":{"rendered":"<p>Seg\u00fan se pudo conocer, las autoridades del Ministerio de Salud <a href=\"https:\/\/sertv.gob.pa\/nacionalfm\/disminucion-presupuestaria-realizan-en-el-minsa-para-el-2015\/\"> [&#8230;]<\/a><\/p>\n","protected":false},"author":1,"featured_media":1493,"comment_status":"closed","ping_status":"closed","sticky":false,"template":"","format":"standard","meta":{"footnotes":""},"categories":[5],"tags":[],"class_list":["post-1492","post","type-post","status-publish","format-standard","has-post-thumbnail","hentry","category-salud"],"_links":{"self":[{"href":"https:\/\/sertv.gob.pa\/nacionalfm\/wp-json\/wp\/v2\/posts\/1492","targetHints":{"allow":["GET"]}}],"collection":[{"href":"https:\/\/sertv.gob.pa\/nacionalfm\/wp-json\/wp\/v2\/posts"}],"about":[{"href":"https:\/\/sertv.gob.pa\/nacionalfm\/wp-json\/wp\/v2\/types\/post"}],"author":[{"embeddable":true,"href":"https:\/\/sertv.gob.pa\/nacionalfm\/wp-json\/wp\/v2\/users\/1"}],"replies":[{"embeddable":true,"href":"https:\/\/sertv.gob.pa\/nacionalfm\/wp-json\/wp\/v2\/comments?post=1492"}],"version-history":[{"count":0,"href":"https:\/\/sertv.gob.pa\/nacionalfm\/wp-json\/wp\/v2\/posts\/1492\/revisions"}],"wp:featuredmedia":[{"embeddable":true,"href":"https:\/\/sertv.gob.pa\/nacionalfm\/wp-json\/wp\/v2\/media\/1493"}],"wp:attachment":[{"href":"https:\/\/sertv.gob.pa\/nacionalfm\/wp-json\/wp\/v2\/media?parent=1492"}],"wp:term":[{"taxonomy":"category","embeddable":true,"href":"https:\/\/sertv.gob.pa\/nacionalfm\/wp-json\/wp\/v2\/categories?post=1492"},{"taxonomy":"post_tag","embeddable":true,"href":"https:\/\/sertv.gob.pa\/nacionalfm\/wp-json\/wp\/v2\/tags?post=1492"}],"curies":[{"name":"wp","href":"https:\/\/api.w.org\/{rel}","templated":true}]}}