{"id":14921,"date":"2016-08-17T18:35:08","date_gmt":"2016-08-17T18:35:08","guid":{"rendered":""},"modified":"2016-08-17T18:35:08","modified_gmt":"2016-08-17T18:35:08","slug":"1-315-casos-de-zika-en-nicaragua-586-son-embarazadas","status":"publish","type":"post","link":"https:\/\/sertv.gob.pa\/nacionalfm\/1-315-casos-de-zika-en-nicaragua-586-son-embarazadas\/","title":{"rendered":"1,315 casos de zika en Nicaragua, 586 son embarazadas"},"content":{"rendered":"<p>\nLas autoridades de Salud de Nicaragua dieron a conocer que 104 nuevos casos elevaron a 1,315 los enfermos con zika, de los que 586 son embarazadas, sin que haya v\u00edctimas mortales.\u00a0 <\/p>\n<p>De las 104 muestras positivas que se sumaron entre el mediod\u00eda del viernes pasado y ayer, 71 son en embarazadas, de acuerdo con el reporte del Ministerio de Salud (Minsa) le\u00eddo por la coordinadora del Consejo de Comunicaci\u00f3n y Ciudadan\u00eda, Rosario Murillo, a trav\u00e9s de medios oficiales.\u00a0 <\/p>\n<p>La funcionaria se\u00f1al\u00f3 que de las embarazadas afectadas, 69 han dado a luz a ni\u00f1os saludables y sin microcefalia.\u00a0 <\/p>\n<p>Las autoridades declararon el pasado 5 de mayo una alerta epidemiol\u00f3gica en todo el territorio nacional, debido al incremento de casos de dengue, zika y chikungunya, enfermedades provocadas por la picadura del mosquito \u00abAedes aegypti\u00bb.\u00a0 <\/p>\n<p>El Gobierno inform\u00f3 el 27 de enero pasado de los dos primeros casos de zika en Nicaragua, donde se aplica un plan de exterminio de mosquitos, criaderos y larvas.\u00a0 <\/p>\n<p>El zika no es, por lo general, una enfermedad mortal, pero la incidencia en mujeres embarazadas est\u00e1 vinculada a la microcefalia en fetos.\u00a0 <\/p>\n<p>\u00a0 <\/p>\n","protected":false},"excerpt":{"rendered":"<p>Las autoridades de Salud de Nicaragua dieron a conocer que <a href=\"https:\/\/sertv.gob.pa\/nacionalfm\/1-315-casos-de-zika-en-nicaragua-586-son-embarazadas\/\"> [&#8230;]<\/a><\/p>\n","protected":false},"author":1,"featured_media":14922,"comment_status":"closed","ping_status":"closed","sticky":false,"template":"","format":"standard","meta":{"footnotes":""},"categories":[5],"tags":[],"class_list":["post-14921","post","type-post","status-publish","format-standard","has-post-thumbnail","hentry","category-salud"],"_links":{"self":[{"href":"https:\/\/sertv.gob.pa\/nacionalfm\/wp-json\/wp\/v2\/posts\/14921","targetHints":{"allow":["GET"]}}],"collection":[{"href":"https:\/\/sertv.gob.pa\/nacionalfm\/wp-json\/wp\/v2\/posts"}],"about":[{"href":"https:\/\/sertv.gob.pa\/nacionalfm\/wp-json\/wp\/v2\/types\/post"}],"author":[{"embeddable":true,"href":"https:\/\/sertv.gob.pa\/nacionalfm\/wp-json\/wp\/v2\/users\/1"}],"replies":[{"embeddable":true,"href":"https:\/\/sertv.gob.pa\/nacionalfm\/wp-json\/wp\/v2\/comments?post=14921"}],"version-history":[{"count":0,"href":"https:\/\/sertv.gob.pa\/nacionalfm\/wp-json\/wp\/v2\/posts\/14921\/revisions"}],"wp:featuredmedia":[{"embeddable":true,"href":"https:\/\/sertv.gob.pa\/nacionalfm\/wp-json\/wp\/v2\/media\/14922"}],"wp:attachment":[{"href":"https:\/\/sertv.gob.pa\/nacionalfm\/wp-json\/wp\/v2\/media?parent=14921"}],"wp:term":[{"taxonomy":"category","embeddable":true,"href":"https:\/\/sertv.gob.pa\/nacionalfm\/wp-json\/wp\/v2\/categories?post=14921"},{"taxonomy":"post_tag","embeddable":true,"href":"https:\/\/sertv.gob.pa\/nacionalfm\/wp-json\/wp\/v2\/tags?post=14921"}],"curies":[{"name":"wp","href":"https:\/\/api.w.org\/{rel}","templated":true}]}}