{"id":14923,"date":"2016-08-17T18:41:48","date_gmt":"2016-08-17T18:41:48","guid":{"rendered":""},"modified":"2016-08-17T18:41:48","modified_gmt":"2016-08-17T18:41:48","slug":"cerebro-de-los-obesos-es-10-anos-mas-viejo","status":"publish","type":"post","link":"https:\/\/sertv.gob.pa\/nacionalfm\/cerebro-de-los-obesos-es-10-anos-mas-viejo\/","title":{"rendered":"Cerebro de los obesos es 10 a\u00f1os m\u00e1s viejo"},"content":{"rendered":"<p>\nLos cerebros de las personas obesas de mediana edad presentan caracter\u00edsticas en la materia blanca, que se halla en el interior de la masa cerebral, similares a los de los individuos delgados que tienen 10 a\u00f1os m\u00e1s, seg\u00fan un estudio dirigido por la Universidad de Cambridge (Reino Unido). <\/p>\n<p>La materia blanca es el tejido que conecta las \u00e1reas cerebrales y permite que la informaci\u00f3n sea comunicada entre las distintas regiones. El cerebro se encoge de manera natural con la edad y los cient\u00edficos est\u00e1n reconociendo cada vez m\u00e1s que la obesidad (ya vinculada a la diabetes, el c\u00e1ncer y enfermedades del coraz\u00f3n) igualmente puede afectar a la progresi\u00f3n del envejecimiento cerebral. <\/p>\n<p>Un equipo de investigadores de la Universidad de Cambridge estudi\u00f3 los datos de 473 personas de entre 20 y 87 a\u00f1os, seleccionadas por el Centro Cambridge para el Envejecimiento y Neurociencias, para examinar el impacto de la obesidad sobre la estructura del cerebro durante la vida adulta para investigar si el sobrepeso se asocia con cambios cerebrales caracter\u00edsticos del envejecimiento. El estudio est\u00e1 publicado en la revista &#8216;Neurobiology of Aging&#8217;. <\/p>\n<p>\u00a0 <\/p>\n<p>\u00a0 <\/p>\n","protected":false},"excerpt":{"rendered":"<p>Los cerebros de las personas obesas de mediana edad presentan <a href=\"https:\/\/sertv.gob.pa\/nacionalfm\/cerebro-de-los-obesos-es-10-anos-mas-viejo\/\"> [&#8230;]<\/a><\/p>\n","protected":false},"author":1,"featured_media":14924,"comment_status":"closed","ping_status":"closed","sticky":false,"template":"","format":"standard","meta":{"footnotes":""},"categories":[5],"tags":[],"class_list":["post-14923","post","type-post","status-publish","format-standard","has-post-thumbnail","hentry","category-salud"],"_links":{"self":[{"href":"https:\/\/sertv.gob.pa\/nacionalfm\/wp-json\/wp\/v2\/posts\/14923","targetHints":{"allow":["GET"]}}],"collection":[{"href":"https:\/\/sertv.gob.pa\/nacionalfm\/wp-json\/wp\/v2\/posts"}],"about":[{"href":"https:\/\/sertv.gob.pa\/nacionalfm\/wp-json\/wp\/v2\/types\/post"}],"author":[{"embeddable":true,"href":"https:\/\/sertv.gob.pa\/nacionalfm\/wp-json\/wp\/v2\/users\/1"}],"replies":[{"embeddable":true,"href":"https:\/\/sertv.gob.pa\/nacionalfm\/wp-json\/wp\/v2\/comments?post=14923"}],"version-history":[{"count":0,"href":"https:\/\/sertv.gob.pa\/nacionalfm\/wp-json\/wp\/v2\/posts\/14923\/revisions"}],"wp:featuredmedia":[{"embeddable":true,"href":"https:\/\/sertv.gob.pa\/nacionalfm\/wp-json\/wp\/v2\/media\/14924"}],"wp:attachment":[{"href":"https:\/\/sertv.gob.pa\/nacionalfm\/wp-json\/wp\/v2\/media?parent=14923"}],"wp:term":[{"taxonomy":"category","embeddable":true,"href":"https:\/\/sertv.gob.pa\/nacionalfm\/wp-json\/wp\/v2\/categories?post=14923"},{"taxonomy":"post_tag","embeddable":true,"href":"https:\/\/sertv.gob.pa\/nacionalfm\/wp-json\/wp\/v2\/tags?post=14923"}],"curies":[{"name":"wp","href":"https:\/\/api.w.org\/{rel}","templated":true}]}}