{"id":14933,"date":"2016-08-17T21:57:40","date_gmt":"2016-08-17T21:57:40","guid":{"rendered":""},"modified":"2016-08-17T21:57:40","modified_gmt":"2016-08-17T21:57:40","slug":"carrera-infantil-de-ciclismo-este-domingo-en-calzada-de-amador","status":"publish","type":"post","link":"https:\/\/sertv.gob.pa\/nacionalfm\/carrera-infantil-de-ciclismo-este-domingo-en-calzada-de-amador\/","title":{"rendered":"Carrera Infantil de Ciclismo este domingo en Calzada de Amador"},"content":{"rendered":"<p>\nEste domingo 21 de agosto se llevar\u00e1 a cabo la &ldquo;II Carrera Infantil de Ciclismo&rdquo;, organizado por el Circuito Peque\u00f1os Atletas y patrocinado por Nestl\u00e9, como parte de las iniciativas que impulsa el programa Unidos por Ni\u00f1os Saludables. <\/p>\n<p>El evento que se desarrollar\u00e1 en la Calzada de Amador, dar\u00e1 inicio a las 7:00 a.m. y contar\u00e1 con dos categor\u00edas, Fondo (evento de distancia) y Cromo (evento de velocidad). <\/p>\n<p>Participar\u00e1n atletas desde los 4 a\u00f1os hasta los 17 y estar\u00e1n divididos en cinco categor\u00edas seg\u00fan el tipo de carrera y edad. <\/p>\n<p>La inscripci\u00f3n tendr\u00e1 un costo de $10.00 para aquellos que participen en una sola prueba y de $15.00 para los que decidan medirse en ambas categor\u00edas. <\/p>\n<p>Los invitamos a participar con sus peque\u00f1os atletas de este evento familiar que promueve h\u00e1bitos de vida saludable para nuestros ni\u00f1os. <\/p>\n<p>\u00a0 <\/p>\n","protected":false},"excerpt":{"rendered":"<p>Este domingo 21 de agosto se llevar\u00e1 a cabo la <a href=\"https:\/\/sertv.gob.pa\/nacionalfm\/carrera-infantil-de-ciclismo-este-domingo-en-calzada-de-amador\/\"> [&#8230;]<\/a><\/p>\n","protected":false},"author":1,"featured_media":14934,"comment_status":"closed","ping_status":"closed","sticky":false,"template":"","format":"standard","meta":{"footnotes":""},"categories":[4],"tags":[],"class_list":["post-14933","post","type-post","status-publish","format-standard","has-post-thumbnail","hentry","category-deportes"],"_links":{"self":[{"href":"https:\/\/sertv.gob.pa\/nacionalfm\/wp-json\/wp\/v2\/posts\/14933","targetHints":{"allow":["GET"]}}],"collection":[{"href":"https:\/\/sertv.gob.pa\/nacionalfm\/wp-json\/wp\/v2\/posts"}],"about":[{"href":"https:\/\/sertv.gob.pa\/nacionalfm\/wp-json\/wp\/v2\/types\/post"}],"author":[{"embeddable":true,"href":"https:\/\/sertv.gob.pa\/nacionalfm\/wp-json\/wp\/v2\/users\/1"}],"replies":[{"embeddable":true,"href":"https:\/\/sertv.gob.pa\/nacionalfm\/wp-json\/wp\/v2\/comments?post=14933"}],"version-history":[{"count":0,"href":"https:\/\/sertv.gob.pa\/nacionalfm\/wp-json\/wp\/v2\/posts\/14933\/revisions"}],"wp:featuredmedia":[{"embeddable":true,"href":"https:\/\/sertv.gob.pa\/nacionalfm\/wp-json\/wp\/v2\/media\/14934"}],"wp:attachment":[{"href":"https:\/\/sertv.gob.pa\/nacionalfm\/wp-json\/wp\/v2\/media?parent=14933"}],"wp:term":[{"taxonomy":"category","embeddable":true,"href":"https:\/\/sertv.gob.pa\/nacionalfm\/wp-json\/wp\/v2\/categories?post=14933"},{"taxonomy":"post_tag","embeddable":true,"href":"https:\/\/sertv.gob.pa\/nacionalfm\/wp-json\/wp\/v2\/tags?post=14933"}],"curies":[{"name":"wp","href":"https:\/\/api.w.org\/{rel}","templated":true}]}}