{"id":14935,"date":"2016-08-17T22:08:26","date_gmt":"2016-08-17T22:08:26","guid":{"rendered":""},"modified":"2016-08-17T22:08:26","modified_gmt":"2016-08-17T22:08:26","slug":"alonso-edwards-esta-noche-en-busca-de-un-cupo-a-semifinales","status":"publish","type":"post","link":"https:\/\/sertv.gob.pa\/nacionalfm\/alonso-edwards-esta-noche-en-busca-de-un-cupo-a-semifinales\/","title":{"rendered":"Alonso Edwards esta noche en busca de un cupo a finales"},"content":{"rendered":"<p>\nEsta noche el velocista paname\u00f1o Alonso Edwards competir\u00e1 en semifinales en los 200 metros planos en busca de una plaza para la final de la distancia en los Juegos Ol\u00edmpicos de R\u00edo 2016. <\/p>\n<p>Se espera que esta semifinal tenga un ritmo infernal ya que Edwards tendr\u00e1 como rivales al estadounidense Justin Gatlin, quien clasific\u00f3 con tiempo 20:42; el campe\u00f3n europeo el espa\u00f1ol Bruno Hartelano (20:12) y el jamaiquino Yohan Blake 20:13 segundos. <\/p>\n<p>Edwards se clasific\u00f3 a las semifinales de esta disciplina al ganar su &ldquo;heat&rdquo; con tiempo de 20:19 segundos y esta noche para las semifinales partir\u00e1 en el carril 5. <\/p>\n<p>Para clasificarse en la final del pr\u00f3ximo jueves, el paname\u00f1o debe clasificar entre primer y segundo lugar en su &ldquo;heat&rdquo;, o entrar entre los dos mejores terceros de un total de 3 &ldquo;heats&rdquo;. <\/p>\n<p>\u00a0 <\/p>\n","protected":false},"excerpt":{"rendered":"<p>Esta noche el velocista paname\u00f1o Alonso Edwards competir\u00e1 en semifinales <a href=\"https:\/\/sertv.gob.pa\/nacionalfm\/alonso-edwards-esta-noche-en-busca-de-un-cupo-a-semifinales\/\"> [&#8230;]<\/a><\/p>\n","protected":false},"author":1,"featured_media":14936,"comment_status":"closed","ping_status":"closed","sticky":false,"template":"","format":"standard","meta":{"footnotes":""},"categories":[4],"tags":[],"class_list":["post-14935","post","type-post","status-publish","format-standard","has-post-thumbnail","hentry","category-deportes"],"_links":{"self":[{"href":"https:\/\/sertv.gob.pa\/nacionalfm\/wp-json\/wp\/v2\/posts\/14935","targetHints":{"allow":["GET"]}}],"collection":[{"href":"https:\/\/sertv.gob.pa\/nacionalfm\/wp-json\/wp\/v2\/posts"}],"about":[{"href":"https:\/\/sertv.gob.pa\/nacionalfm\/wp-json\/wp\/v2\/types\/post"}],"author":[{"embeddable":true,"href":"https:\/\/sertv.gob.pa\/nacionalfm\/wp-json\/wp\/v2\/users\/1"}],"replies":[{"embeddable":true,"href":"https:\/\/sertv.gob.pa\/nacionalfm\/wp-json\/wp\/v2\/comments?post=14935"}],"version-history":[{"count":0,"href":"https:\/\/sertv.gob.pa\/nacionalfm\/wp-json\/wp\/v2\/posts\/14935\/revisions"}],"wp:featuredmedia":[{"embeddable":true,"href":"https:\/\/sertv.gob.pa\/nacionalfm\/wp-json\/wp\/v2\/media\/14936"}],"wp:attachment":[{"href":"https:\/\/sertv.gob.pa\/nacionalfm\/wp-json\/wp\/v2\/media?parent=14935"}],"wp:term":[{"taxonomy":"category","embeddable":true,"href":"https:\/\/sertv.gob.pa\/nacionalfm\/wp-json\/wp\/v2\/categories?post=14935"},{"taxonomy":"post_tag","embeddable":true,"href":"https:\/\/sertv.gob.pa\/nacionalfm\/wp-json\/wp\/v2\/tags?post=14935"}],"curies":[{"name":"wp","href":"https:\/\/api.w.org\/{rel}","templated":true}]}}