{"id":14955,"date":"2016-08-18T16:47:30","date_gmt":"2016-08-18T16:47:30","guid":{"rendered":""},"modified":"2016-08-18T16:47:30","modified_gmt":"2016-08-18T16:47:30","slug":"esta-noche-alonso-edward-busca-medalla-olimpica-en-rio","status":"publish","type":"post","link":"https:\/\/sertv.gob.pa\/nacionalfm\/esta-noche-alonso-edward-busca-medalla-olimpica-en-rio\/","title":{"rendered":"Esta noche Alonso Edward busca medalla Ol\u00edmpica en R\u00edo"},"content":{"rendered":"<p>\nEsta noche el velocista paname\u00f1o Alonso Edward busca conseguir una presea ol\u00edmpica en la final de los 200 metros planos, y de esa manera emular la haza\u00f1a de los colonenses Long Labeac con dos medallas de bronce en 100 y 200 metros, en Londres en la d\u00e9cada de los 40 del siglo pasado y de Irving Saladino con la de oro en salto largo en los Juegos 2008 en Beijing. <\/p>\n<p>Anoche, Edward domin\u00f3 la tercera semifinal con 20.07, superando a dos de los favoritos: el estadounidense Justin Gatlin (quien qued\u00f3 tercero con 20.13) y al jamaiquino Yohan Blake. <\/p>\n<p>Ahora, en la final de los 200 metros planos, Edward desafiar\u00e1 al jamaiquino Usain Bolt, quien es el gran favorito para ganar la presea dorada. <\/p>\n<p>Otro de los rivales que el paname\u00f1o tendr\u00e1 que superar para subir al podio ol\u00edmpico es el canadiense Andre De Grasse, quien viene de ganar la medalla de bronce en los 100 metros y el estadounidense LaShawn Merritt, tambi\u00e9n bronce, pero en los 400 metros. <\/p>\n<p>En la semifinal, ambos velocistas corrieron debajo de los 20 segundos. De Grasse hizo 19.80 y Merrit registr\u00f3 19.94. <\/p>\n<p>Los otros finalistas son el brit\u00e1nico Adam Gemili (20.08), el turco Ramil Guliyev (20.09), el franc\u00e9s Christophe Lemaitre (20.01), y el holand\u00e9s Churandy Martina (20.10). <\/p>\n<p>\u00a0 <\/p>\n","protected":false},"excerpt":{"rendered":"<p>Esta noche el velocista paname\u00f1o Alonso Edward busca conseguir una <a href=\"https:\/\/sertv.gob.pa\/nacionalfm\/esta-noche-alonso-edward-busca-medalla-olimpica-en-rio\/\"> [&#8230;]<\/a><\/p>\n","protected":false},"author":1,"featured_media":14956,"comment_status":"closed","ping_status":"closed","sticky":false,"template":"","format":"standard","meta":{"footnotes":""},"categories":[4],"tags":[],"class_list":["post-14955","post","type-post","status-publish","format-standard","has-post-thumbnail","hentry","category-deportes"],"_links":{"self":[{"href":"https:\/\/sertv.gob.pa\/nacionalfm\/wp-json\/wp\/v2\/posts\/14955","targetHints":{"allow":["GET"]}}],"collection":[{"href":"https:\/\/sertv.gob.pa\/nacionalfm\/wp-json\/wp\/v2\/posts"}],"about":[{"href":"https:\/\/sertv.gob.pa\/nacionalfm\/wp-json\/wp\/v2\/types\/post"}],"author":[{"embeddable":true,"href":"https:\/\/sertv.gob.pa\/nacionalfm\/wp-json\/wp\/v2\/users\/1"}],"replies":[{"embeddable":true,"href":"https:\/\/sertv.gob.pa\/nacionalfm\/wp-json\/wp\/v2\/comments?post=14955"}],"version-history":[{"count":0,"href":"https:\/\/sertv.gob.pa\/nacionalfm\/wp-json\/wp\/v2\/posts\/14955\/revisions"}],"wp:featuredmedia":[{"embeddable":true,"href":"https:\/\/sertv.gob.pa\/nacionalfm\/wp-json\/wp\/v2\/media\/14956"}],"wp:attachment":[{"href":"https:\/\/sertv.gob.pa\/nacionalfm\/wp-json\/wp\/v2\/media?parent=14955"}],"wp:term":[{"taxonomy":"category","embeddable":true,"href":"https:\/\/sertv.gob.pa\/nacionalfm\/wp-json\/wp\/v2\/categories?post=14955"},{"taxonomy":"post_tag","embeddable":true,"href":"https:\/\/sertv.gob.pa\/nacionalfm\/wp-json\/wp\/v2\/tags?post=14955"}],"curies":[{"name":"wp","href":"https:\/\/api.w.org\/{rel}","templated":true}]}}