{"id":14961,"date":"2016-08-18T18:17:58","date_gmt":"2016-08-18T18:17:58","guid":{"rendered":""},"modified":"2016-08-18T18:17:58","modified_gmt":"2016-08-18T18:17:58","slug":"fundacion-psoriasis-de-panama-lanza-campana","status":"publish","type":"post","link":"https:\/\/sertv.gob.pa\/nacionalfm\/fundacion-psoriasis-de-panama-lanza-campana\/","title":{"rendered":"Fundaci\u00f3n Psoriasis de Panam\u00e1 lanza campa\u00f1a"},"content":{"rendered":"<p>\nEn Panam\u00e1,  60 mil personas tienen psoriasis , de acuerdo con cifras mundiales que arrojan que el 2% de la poblaci\u00f3n padece de este mal. En el pa\u00eds no hay cifras oficiales sobre este tema. <\/p>\n<p>Se trata de  una enfermedad cr\u00f3nica  de la piel que presenta brotes y manchas rojas con escamas, que se localizan, sobre todo, en el cuero cabelludo, los codos y las rodillas, record\u00f3  M\u00f3nica de Chapman , presidenta de la  Fundaci\u00f3n Psoriasis de Panam\u00e1 , en el acto de lanzamiento de la  campa\u00f1a &ldquo;T\u00fa no est\u00e1s solo, queremos conocer tu historia&rdquo; . <\/p>\n<p>A pesar de que  no es un mal contagioso , un gran porcentaje de las personas que lo padece sufre de discriminaci\u00f3n, reiter\u00f3. <\/p>\n<p>La  campa\u00f1a  consiste en una cu\u00f1a de televisi\u00f3n, una de radio y anuncios en la prensa escrita, hasta el pr\u00f3ximo 31 de diciembre. <\/p>\n<p>\u00a0 <\/p>\n","protected":false},"excerpt":{"rendered":"<p>En Panam\u00e1, 60 mil personas tienen psoriasis , de acuerdo <a href=\"https:\/\/sertv.gob.pa\/nacionalfm\/fundacion-psoriasis-de-panama-lanza-campana\/\"> [&#8230;]<\/a><\/p>\n","protected":false},"author":1,"featured_media":14962,"comment_status":"closed","ping_status":"closed","sticky":false,"template":"","format":"standard","meta":{"footnotes":""},"categories":[5],"tags":[],"class_list":["post-14961","post","type-post","status-publish","format-standard","has-post-thumbnail","hentry","category-salud"],"_links":{"self":[{"href":"https:\/\/sertv.gob.pa\/nacionalfm\/wp-json\/wp\/v2\/posts\/14961","targetHints":{"allow":["GET"]}}],"collection":[{"href":"https:\/\/sertv.gob.pa\/nacionalfm\/wp-json\/wp\/v2\/posts"}],"about":[{"href":"https:\/\/sertv.gob.pa\/nacionalfm\/wp-json\/wp\/v2\/types\/post"}],"author":[{"embeddable":true,"href":"https:\/\/sertv.gob.pa\/nacionalfm\/wp-json\/wp\/v2\/users\/1"}],"replies":[{"embeddable":true,"href":"https:\/\/sertv.gob.pa\/nacionalfm\/wp-json\/wp\/v2\/comments?post=14961"}],"version-history":[{"count":0,"href":"https:\/\/sertv.gob.pa\/nacionalfm\/wp-json\/wp\/v2\/posts\/14961\/revisions"}],"wp:featuredmedia":[{"embeddable":true,"href":"https:\/\/sertv.gob.pa\/nacionalfm\/wp-json\/wp\/v2\/media\/14962"}],"wp:attachment":[{"href":"https:\/\/sertv.gob.pa\/nacionalfm\/wp-json\/wp\/v2\/media?parent=14961"}],"wp:term":[{"taxonomy":"category","embeddable":true,"href":"https:\/\/sertv.gob.pa\/nacionalfm\/wp-json\/wp\/v2\/categories?post=14961"},{"taxonomy":"post_tag","embeddable":true,"href":"https:\/\/sertv.gob.pa\/nacionalfm\/wp-json\/wp\/v2\/tags?post=14961"}],"curies":[{"name":"wp","href":"https:\/\/api.w.org\/{rel}","templated":true}]}}