{"id":14969,"date":"2016-08-18T20:44:13","date_gmt":"2016-08-18T20:44:13","guid":{"rendered":""},"modified":"2016-08-18T20:44:13","modified_gmt":"2016-08-18T20:44:13","slug":"colon-sorprende-a-rayados-de-monterrey-en-concacaf","status":"publish","type":"post","link":"https:\/\/sertv.gob.pa\/nacionalfm\/colon-sorprende-a-rayados-de-monterrey-en-concacaf\/","title":{"rendered":"Col\u00f3n sorprende a Rayados de Monterrey en CONCACAF"},"content":{"rendered":"<p>\nEl club Deportivo de la provincia de Col\u00f3n el \u00c1rabe Unido, sorprendi\u00f3 a los Rayados de Monterrey, M\u00e9xico por marcador de 3-2, en partido disputado anoche en el nuevo estadio del conjunto regiomontano, corresponeiente a la Liga de Campeones de la CONCACAF. <\/p>\n<p>Los goles del club paname\u00f1o fueron conseguidos por Jos\u00e9 Gonz\u00e1lez al minuto 10, Fidel Caesar al 23 y de Edgar B\u00e1rcenas al 50. <\/p>\n<p>Edwin Cardona al 23 y al 95, marc\u00f3 por los locales. El cuadro colonense mostr\u00f3 mucha contundencia al ataque y buena defensa. <\/p>\n","protected":false},"excerpt":{"rendered":"<p>El club Deportivo de la provincia de Col\u00f3n el \u00c1rabe <a href=\"https:\/\/sertv.gob.pa\/nacionalfm\/colon-sorprende-a-rayados-de-monterrey-en-concacaf\/\"> [&#8230;]<\/a><\/p>\n","protected":false},"author":1,"featured_media":14970,"comment_status":"closed","ping_status":"closed","sticky":false,"template":"","format":"standard","meta":{"footnotes":""},"categories":[4],"tags":[],"class_list":["post-14969","post","type-post","status-publish","format-standard","has-post-thumbnail","hentry","category-deportes"],"_links":{"self":[{"href":"https:\/\/sertv.gob.pa\/nacionalfm\/wp-json\/wp\/v2\/posts\/14969","targetHints":{"allow":["GET"]}}],"collection":[{"href":"https:\/\/sertv.gob.pa\/nacionalfm\/wp-json\/wp\/v2\/posts"}],"about":[{"href":"https:\/\/sertv.gob.pa\/nacionalfm\/wp-json\/wp\/v2\/types\/post"}],"author":[{"embeddable":true,"href":"https:\/\/sertv.gob.pa\/nacionalfm\/wp-json\/wp\/v2\/users\/1"}],"replies":[{"embeddable":true,"href":"https:\/\/sertv.gob.pa\/nacionalfm\/wp-json\/wp\/v2\/comments?post=14969"}],"version-history":[{"count":0,"href":"https:\/\/sertv.gob.pa\/nacionalfm\/wp-json\/wp\/v2\/posts\/14969\/revisions"}],"wp:featuredmedia":[{"embeddable":true,"href":"https:\/\/sertv.gob.pa\/nacionalfm\/wp-json\/wp\/v2\/media\/14970"}],"wp:attachment":[{"href":"https:\/\/sertv.gob.pa\/nacionalfm\/wp-json\/wp\/v2\/media?parent=14969"}],"wp:term":[{"taxonomy":"category","embeddable":true,"href":"https:\/\/sertv.gob.pa\/nacionalfm\/wp-json\/wp\/v2\/categories?post=14969"},{"taxonomy":"post_tag","embeddable":true,"href":"https:\/\/sertv.gob.pa\/nacionalfm\/wp-json\/wp\/v2\/tags?post=14969"}],"curies":[{"name":"wp","href":"https:\/\/api.w.org\/{rel}","templated":true}]}}